{"id":1134965,"date":"2026-04-04T17:26:38","date_gmt":"2026-04-04T17:26:38","guid":{"rendered":"https:\/\/dimensionturistica.com\/es\/?p=1134965"},"modified":"2026-04-04T17:26:38","modified_gmt":"2026-04-04T17:26:38","slug":"looks-sofisticados-con-jeans-marrones-y-tacones-negros-para-una-primavera-2026-llena-de-elegancia","status":"publish","type":"post","link":"https:\/\/dimensionturistica.com\/es\/looks-sofisticados-con-jeans-marrones-y-tacones-negros-para-una-primavera-2026-llena-de-elegancia\/","title":{"rendered":"Looks sofisticados con jeans marrones y tacones negros para una primavera 2026 llena de elegancia."},"content":{"rendered":"<h3>La revoluci\u00f3n del jeans marr\u00f3n: Primavera 2026 en tendencia<\/h3>\n<p>La primavera de 2026 trae consigo una emocionante paleta de colores y texturas que promete transformar el guardarropa. Entre estas tendencias, el jeans marr\u00f3n se erige como la pieza clave que todo amante de la moda deber\u00eda tener. \u00bfC\u00f3mo incorporarlo en tu d\u00eda a d\u00eda? Aqu\u00ed te presentamos m\u00faltiples opciones de outfits que combinan elegancia y comodidad, destacando esta vers\u00e1til prenda en tu rutina primaveral.<\/p>\n<h4>1. Casual chic: El aliado perfecto<\/h4>\n<p>Imagina una tarde de caf\u00e9 con amigos. Elige un jeans marr\u00f3n de silueta recta y comb\u00ednalo con una blusa blanca de algod\u00f3n. Este look, ideal para un estilo relajado, puede elevarse con la adici\u00f3n de unos zapatos de tac\u00f3n negros. La combinaci\u00f3n de tonos neutros con un toque de sofisticaci\u00f3n asegura que tu outfit sea atractivo y c\u00f3modo al mismo tiempo.<\/p>\n<h4>2. Toque bohemio: La primavera de los colores<\/h4>\n<p>Para quienes buscan refrescar su guardarropa con un aire m\u00e1s bohemio, un jeans marr\u00f3n con una blusa de estampados florales es la opci\u00f3n ideal. Los zapatos de tac\u00f3n negros aportan un contraste elegante que acent\u00faa la feminidad del outfit. Complementa con accesorios de grandes dimensiones, como un sombrero de ala ancha, y estar\u00e1s lista para un festival al aire libre o una escapada de fin de semana.<\/p>\n<h4>3. Elegancia minimalista: Sencillez efectiva<\/h4>\n<p>El minimalismo sigue marcando la pauta en la moda. Opta por un jeans marr\u00f3n de tiro alto y una camiseta negra b\u00e1sica. Este look se puede elevar con un blazer estructurado y los siempre efectivos zapatos de tac\u00f3n negros. La combinaci\u00f3n de l\u00edneas limpias y tonos oscuros resulta en un outfit impresionante, perfecto tanto para la oficina como para una cena informal.<\/p>\n<h4>4. Estilo deportivo: La tendencia athleisure<\/h4>\n<p>La comodidad no tiene por qu\u00e9 estar re\u00f1ida con el estilo. Un jeans marr\u00f3n puede ser igualmente combinado con una sudadera oversize y zapatillas, aunque la clave est\u00e1 en los zapatos de tac\u00f3n negros. Este giro inesperado combina lo mejor de ambos mundos, asegurando un balance perfecto entre lo casual y lo elegante. Ideal para un d\u00eda de recados o para una cita casual en la tarde.<\/p>\n<h4>5. Look de oficina: La nueva formalidad<\/h4>\n<p>Para el entorno laboral, un jeans marr\u00f3n puede ser tan apropiado como cualquier pantal\u00f3n de vestir. Comb\u00ednalo con una blusa de seda en tonos pastel y un blazer ajustado. Los zapatos de tac\u00f3n negros no solo pulen el look, sino que a\u00f1aden un toque de profesionalismo indiscutible. Con este outfit, no solo est\u00e1s lista para enfrentarte a las tareas del d\u00eda, sino que tambi\u00e9n dejar\u00e1s una impresi\u00f3n inolvidable.<\/p>\n<h3>Conclusiones visuales<\/h3>\n<p>La primavera 2026 no solo es un cambio de estaci\u00f3n, sino una oportunidad para reinventar tu estilo. Al incorporar jeans marr\u00f3n y zapatos de tac\u00f3n negros en tus looks, no solo sigues una tendencia, sino que tambi\u00e9n exploras m\u00faltiples formas de expresi\u00f3n personal. Desde lo casual hasta lo formal, esta combinaci\u00f3n se adapta a cualquier evento, asegurando que cada salida sea una pasarela. <\/p>\n<p>\u00a1Atr\u00e9vete a experimentar con los colores y las texturas este a\u00f1o! La moda se trata de jugar y reinventarse, y los jeans marr\u00f3n con zapatos de tac\u00f3n negros son solo el inicio de un sinf\u00edn de posibilidades.<\/p>\n<p><em> &#8221; Fuentes www.vogue.mx &#8221; <\/em><\/p>\n","protected":false},"excerpt":{"rendered":"<p>La revoluci\u00f3n del jeans marr\u00f3n: Primavera 2026 en tendencia La primavera de 2026 trae consigo una emocionante paleta de colores y texturas que promete transformar el guardarropa. Entre estas tendencias, el jeans marr\u00f3n se erige como la pieza clave que todo amante de la moda deber\u00eda tener. \u00bfC\u00f3mo incorporarlo en tu d\u00eda a d\u00eda? Aqu\u00ed [&hellip;]<\/p>\n","protected":false},"author":14,"featured_media":1134966,"comment_status":"open","ping_status":"closed","sticky":false,"template":"","format":"standard","meta":{"om_disable_all_campaigns":false,"jnews-multi-image_gallery":[],"jnews_single_post":[],"jnews_primary_category":[],"jnews_social_meta":[],"footnotes":""},"categories":[144872],"tags":[274241,203427,7758,16596,274238,274240,659,236546,239477,230504,201099,16753,274239],"class_list":["post-1134965","post","type-post","status-publish","format-standard","has-post-thumbnail","hentry","category-fashion","tag-atuendos-chic","tag-combinaciones-de-ropa","tag-estilo","tag-jeans","tag-jeans-color-cafe","tag-look-formal","tag-moda","tag-outfits-elegantes","tag-primavera-2026","tag-primavera-verano-2026","tag-tendencias-de-primavera","tag-zapatos","tag-zapatos-de-tacon-negros"],"_links":{"self":[{"href":"https:\/\/dimensionturistica.com\/es\/wp-json\/wp\/v2\/posts\/1134965","targetHints":{"allow":["GET"]}}],"collection":[{"href":"https:\/\/dimensionturistica.com\/es\/wp-json\/wp\/v2\/posts"}],"about":[{"href":"https:\/\/dimensionturistica.com\/es\/wp-json\/wp\/v2\/types\/post"}],"author":[{"embeddable":true,"href":"https:\/\/dimensionturistica.com\/es\/wp-json\/wp\/v2\/users\/14"}],"replies":[{"embeddable":true,"href":"https:\/\/dimensionturistica.com\/es\/wp-json\/wp\/v2\/comments?post=1134965"}],"version-history":[{"count":1,"href":"https:\/\/dimensionturistica.com\/es\/wp-json\/wp\/v2\/posts\/1134965\/revisions"}],"predecessor-version":[{"id":1134967,"href":"https:\/\/dimensionturistica.com\/es\/wp-json\/wp\/v2\/posts\/1134965\/revisions\/1134967"}],"wp:featuredmedia":[{"embeddable":true,"href":"https:\/\/dimensionturistica.com\/es\/wp-json\/wp\/v2\/media\/1134966"}],"wp:attachment":[{"href":"https:\/\/dimensionturistica.com\/es\/wp-json\/wp\/v2\/media?parent=1134965"}],"wp:term":[{"taxonomy":"category","embeddable":true,"href":"https:\/\/dimensionturistica.com\/es\/wp-json\/wp\/v2\/categories?post=1134965"},{"taxonomy":"post_tag","embeddable":true,"href":"https:\/\/dimensionturistica.com\/es\/wp-json\/wp\/v2\/tags?post=1134965"}],"curies":[{"name":"wp","href":"https:\/\/api.w.org\/{rel}","templated":true}]}}