{"id":1134934,"date":"2026-04-04T16:36:06","date_gmt":"2026-04-04T16:36:06","guid":{"rendered":"https:\/\/dimensionturistica.com\/es\/?p=1134934"},"modified":"2026-04-04T16:36:06","modified_gmt":"2026-04-04T16:36:06","slug":"calzado-elegante-de-tacon-medio-negro-para-combinar-con-faldas-shorts-y-vestidos-en-abril-de-2026","status":"publish","type":"post","link":"https:\/\/dimensionturistica.com\/es\/calzado-elegante-de-tacon-medio-negro-para-combinar-con-faldas-shorts-y-vestidos-en-abril-de-2026\/","title":{"rendered":"Calzado elegante de tac\u00f3n medio negro para combinar con faldas, shorts y vestidos en abril de 2026."},"content":{"rendered":"<h3>La Versatilidad de los Zapatos Negros de Tac\u00f3n Medio: Estilo y Elegancia para Abril<\/h3>\n<p>Abril marca el inicio de la temporada de primavera, donde la moda se transforma y las tendencias se revitalizan. Este a\u00f1o, los zapatos negros de tac\u00f3n medio emergen como una de las piezas clave en el armario femenino, capaces de elevar cualquier atuendo. Su versatilidad los convierte en el complemento perfecto para faldas, bermudas y vestidos, manteniendo un balance ideal entre comodidad y estilo.<\/p>\n<h4>Faldas: El Toque Femenino<\/h4>\n<p>Las faldas, que van desde las midi hasta las mini, se est\u00e1n reinventando. Un vestido ligero con una camiseta sencilla cobra vida con un par de zapatos negros de tac\u00f3n medio. La combinaci\u00f3n no solo alarga visualmente las piernas, sino que tambi\u00e9n a\u00f1ade un aire de sofisticaci\u00f3n. Optar por una falda plisada en tonos pasteles y combinarla con estos tacones genera un look fresco y chic. Adem\u00e1s, los estilos asim\u00e9tricos o con estampados florales tambi\u00e9n son opciones que resaltan la elegancia del calzado, creando un efecto visual armonioso.<\/p>\n<h4>Bermudas: Del Casual al Elegante<\/h4>\n<p>En cuanto a las bermudas, este a\u00f1o prometen ser esenciales. La tendencia retro se hace presente con cortes m\u00e1s amplios que permiten experimentar con una variedad de estilos. Combinar bermudas de sastre con una blusa ajustada y un par de zapatos negros de tac\u00f3n medio transforma un look casual en uno pulido y sofisticado. Esta combinaci\u00f3n es ideal para el entorno laboral o una salida de fin de semana, ofreciendo un excelente equilibrio entre formalidad y estilo relajado.<\/p>\n<h4>Vestidos: Un Cl\u00e1sico Atemporal<\/h4>\n<p>Los vestidos son sin duda la elecci\u00f3n estrella de la temporada, y los zapatos negros de tac\u00f3n medio se consolidan como el complemento perfecto. Para un evento formal, un vestido midi con detalles delicados se ver\u00eda fabuloso junto a estos tacones, creando una silueta elegante. Por otro lado, los vestidos floreados, que evocan un esp\u00edritu m\u00e1s dulce y primaveral, tambi\u00e9n encuentran en este tipo de calzado una base que potencia su esencia. <\/p>\n<h4>Combinaciones Sorprendentes<\/h4>\n<p>Lo atractivo de este tipo de calzado radica en su capacidad para adaptarse a diversas combinaciones. Por ejemplo, una blusa oversize hace maravillas con faldas ajustadas, y al complementarse con zapatos negros de tac\u00f3n medio, se logra un equilibrio que resalta la figura sin sacrificar la comodidad. A\u00f1adir accesorios como un cintur\u00f3n o unos pendientes llamativos puede llevar cualquier look al siguiente nivel.<\/p>\n<h4>Colores y Materiales<\/h4>\n<p>Otra tendencia a seguir es la mezcla de texturas y colores. Materiales como el charol o el ante en el calzado pueden a\u00f1adir inter\u00e9s a un atuendo simple. Las faldas de cuero, por su parte, abrazan este concepto, proporcionando un contraste moderno que funciona eficazmente con zapatos de tac\u00f3n medio. En cuanto a la paleta de colores, los cl\u00e1sicos negros son siempre una apuesta segura, pero no se deben descartar tonalidades m\u00e1s atrevidas que tambi\u00e9n pueden combinarse.<\/p>\n<p>Abril se presenta como una oportunidad para dejar fluir la creatividad en la moda, y los zapatos negros de tac\u00f3n medio son el aliado perfecto para lograrlo. Ya sea para un evento especial o un d\u00eda casual en la oficina, este calzado demuestra que puede ser un sello distintivo de estilo, seguridad y elegancia. \u00a1Atr\u00e9vete a experimentar y a descubrir las infinitas posibilidades que ofrecen!<\/p>\n<p><em> &#8221; Fuentes www.vogue.mx &#8221; <\/em><\/p>\n","protected":false},"excerpt":{"rendered":"<p>La Versatilidad de los Zapatos Negros de Tac\u00f3n Medio: Estilo y Elegancia para Abril Abril marca el inicio de la temporada de primavera, donde la moda se transforma y las tendencias se revitalizan. Este a\u00f1o, los zapatos negros de tac\u00f3n medio emergen como una de las piezas clave en el armario femenino, capaces de elevar [&hellip;]<\/p>\n","protected":false},"author":14,"featured_media":1134935,"comment_status":"open","ping_status":"closed","sticky":false,"template":"","format":"standard","meta":{"om_disable_all_campaigns":false,"jnews-multi-image_gallery":[],"jnews_single_post":[],"jnews_primary_category":[],"jnews_social_meta":[],"footnotes":""},"categories":[144872],"tags":[127686,20369,200523,48763,230504,273369,47135,16753],"class_list":["post-1134934","post","type-post","status-publish","format-standard","has-post-thumbnail","hentry","category-fashion","tag-abril-2026","tag-bermudas","tag-faldas","tag-negros","tag-primavera-verano-2026","tag-tacon-medio","tag-vestidos","tag-zapatos"],"_links":{"self":[{"href":"https:\/\/dimensionturistica.com\/es\/wp-json\/wp\/v2\/posts\/1134934","targetHints":{"allow":["GET"]}}],"collection":[{"href":"https:\/\/dimensionturistica.com\/es\/wp-json\/wp\/v2\/posts"}],"about":[{"href":"https:\/\/dimensionturistica.com\/es\/wp-json\/wp\/v2\/types\/post"}],"author":[{"embeddable":true,"href":"https:\/\/dimensionturistica.com\/es\/wp-json\/wp\/v2\/users\/14"}],"replies":[{"embeddable":true,"href":"https:\/\/dimensionturistica.com\/es\/wp-json\/wp\/v2\/comments?post=1134934"}],"version-history":[{"count":1,"href":"https:\/\/dimensionturistica.com\/es\/wp-json\/wp\/v2\/posts\/1134934\/revisions"}],"predecessor-version":[{"id":1134936,"href":"https:\/\/dimensionturistica.com\/es\/wp-json\/wp\/v2\/posts\/1134934\/revisions\/1134936"}],"wp:featuredmedia":[{"embeddable":true,"href":"https:\/\/dimensionturistica.com\/es\/wp-json\/wp\/v2\/media\/1134935"}],"wp:attachment":[{"href":"https:\/\/dimensionturistica.com\/es\/wp-json\/wp\/v2\/media?parent=1134934"}],"wp:term":[{"taxonomy":"category","embeddable":true,"href":"https:\/\/dimensionturistica.com\/es\/wp-json\/wp\/v2\/categories?post=1134934"},{"taxonomy":"post_tag","embeddable":true,"href":"https:\/\/dimensionturistica.com\/es\/wp-json\/wp\/v2\/tags?post=1134934"}],"curies":[{"name":"wp","href":"https:\/\/api.w.org\/{rel}","templated":true}]}}