{"id":1134849,"date":"2026-04-04T11:20:24","date_gmt":"2026-04-04T11:20:24","guid":{"rendered":"https:\/\/dimensionturistica.com\/es\/?p=1134849"},"modified":"2026-04-04T11:20:24","modified_gmt":"2026-04-04T11:20:24","slug":"salta-hacia-el-fin-de-semana-de-pascua-con-lo-mejor-en-estilo-callejero-de-tonos-pastel","status":"publish","type":"post","link":"https:\/\/dimensionturistica.com\/es\/salta-hacia-el-fin-de-semana-de-pascua-con-lo-mejor-en-estilo-callejero-de-tonos-pastel\/","title":{"rendered":"Salta hacia el Fin de Semana de Pascua con lo Mejor en Estilo Callejero de Tonos Pastel"},"content":{"rendered":"<h3>La Revoluci\u00f3n Pastel: C\u00f3mo los Colores Suaves Marcan Tendencia en el Street Style<\/h3>\n<p>La pasarela no es el \u00fanico lugar donde la moda encuentra su expresi\u00f3n. En las calles, se despliegan coloridos lienzos de creatividad, y este a\u00f1o, los tonos pastel est\u00e1n dominando el espect\u00e1culo. Desde el vibrante ambiente de las semanas de la moda en las principales capitales del mundo, los amantes de la moda nos muestran c\u00f3mo estos suaves matices est\u00e1n redefiniendo el estilo urbano.<\/p>\n<h4>Invasi\u00f3n de Colores Suaves<\/h4>\n<p>Estos delicados tonos, que van desde el mel\u00f3n hasta el menta, han encontrado su camino en el armario de los fashionistas. Con un aire nost\u00e1lgico pero contempor\u00e1neo, los pasteles aportan frescura y alegr\u00eda a cualquier conjunto. Las combinaciones audaces siguen siendo populares, pero se han transformado al incorporar estos matices suaves, creando un di\u00e1logo visual emocionante en las calles.<\/p>\n<h4>El Arte de la Superposici\u00f3n<\/h4>\n<p>Una de las formas m\u00e1s creativas de llevar los tonos pastel es a trav\u00e9s de la superposici\u00f3n. Imagina un abrigo de un suave lavanda sobre una blusa de un sutil rosa claro, combinado con pantalones de un verde menta. La mezcla de texturas y colores no solo potencia el estilo, sino que tambi\u00e9n a\u00f1ade profundidad a cada look. Este enfoque permite a los estilistas jugar con diferentes capas, ofreciendo un atractivo visual que capta la atenci\u00f3n de todos.<\/p>\n<h4>Accesorios que Elevan<\/h4>\n<p>Los accesorios son el toque final que puede transformar un conjunto sencillo en una declaraci\u00f3n de moda. Bolsos, zapatos y joyas en tonos pastel aportan un nivel extra de sofisticaci\u00f3n. Por ejemplo, un par de zapatillas en un azul suave junto con una bandolera de un delicado amarillo pueden ser el complemento perfecto para un atuendo m\u00e1s neutro. Estos detalles son esenciales para quienes desean expresar su personalidad a trav\u00e9s de la moda.<\/p>\n<h4>Impacto en la Moda Sostenible<\/h4>\n<p>Los tonos pastel tambi\u00e9n est\u00e1n vinculados a un enfoque m\u00e1s sostenible en la moda. Dise\u00f1adores y marcas est\u00e1n optando por tejidos ecol\u00f3gicos y procesos de producci\u00f3n responsables, mientras que el uso de colores suaves promueve la idea de un estilo de vida m\u00e1s consciente y armonioso con el medio ambiente. Esta tendencia se refleja en la elecci\u00f3n de materiales ligeros y amigables con el planeta, que resuenan con los consumidores actuales.<\/p>\n<h4>Influencia Global<\/h4>\n<p>Las redes sociales han sido el veh\u00edculo que ha impulsado esta tendencia pastel a nivel global. Estilistas, influencers y amantes de la moda comparten sus looks con un clic, logrando que los tonos suaves sean visibles en cada rinc\u00f3n del mundo. Desde las avenidas de Nueva York hasta los caf\u00e9s de Par\u00eds, los pasteles est\u00e1n capturando miradas y corazones, creando un estilo colectivo que trasciende fronteras.<\/p>\n<h4>Retrospectiva del Pastel<\/h4>\n<p>El resurgimiento de estos colores suaves no es simplemente una moda pasajera. Hist\u00f3ricamente, los tonos pastel han simbolizado frescura y optimismo. Esta vez, en un contexto urbanizado y acelerado, ofrecen un respiro y una oportunidad de autoexpresi\u00f3n. Cada prenda se convierte en una forma de transmitir felicidad y estilo, desafiando las convenciones de lo que se considera &#8220;trendy&#8221;.<\/p>\n<h3>Estilo que Trasciende<\/h3>\n<p>En un mundo donde la moda sigue evolucionando a un ritmo vertiginoso, los tonos pastel ofrecen una opci\u00f3n vers\u00e1til y chic. Este estilo no solo es un reflejo del clima actual de la moda, sino tambi\u00e9n un recordatorio del poder que tiene cada uno de nosotros para expresarnos a trav\u00e9s de lo que elegimos vestir.<\/p>\n<p>La pr\u00f3xima vez que busques algo nuevo para tu armario, considera un toque de color suave. En el amplio espectro de la moda, quiz\u00e1s sea el momento perfecto para dejar que el pastel sea el protagonista.<\/p>\n<p><em> &#8221; Fuentes www.vogue.com &#8221; <\/em><\/p>\n","protected":false},"excerpt":{"rendered":"<p>La Revoluci\u00f3n Pastel: C\u00f3mo los Colores Suaves Marcan Tendencia en el Street Style La pasarela no es el \u00fanico lugar donde la moda encuentra su expresi\u00f3n. En las calles, se despliegan coloridos lienzos de creatividad, y este a\u00f1o, los tonos pastel est\u00e1n dominando el espect\u00e1culo. Desde el vibrante ambiente de las semanas de la moda [&hellip;]<\/p>\n","protected":false},"author":14,"featured_media":1134850,"comment_status":"open","ping_status":"closed","sticky":false,"template":"","format":"standard","meta":{"om_disable_all_campaigns":false,"jnews-multi-image_gallery":[],"jnews_single_post":[],"jnews_primary_category":[],"jnews_social_meta":[],"footnotes":""},"categories":[144872],"tags":[10373,8066,166,203181,274207,101427,95711,46066,372,6194,54072],"class_list":["post-1134849","post","type-post","status-publish","format-standard","has-post-thumbnail","hentry","category-fashion","tag-color","tag-easter","tag-fashion","tag-global-street-style","tag-pastels","tag-seasonal","tag-spring","tag-street-style","tag-style","tag-trends","tag-weekend"],"_links":{"self":[{"href":"https:\/\/dimensionturistica.com\/es\/wp-json\/wp\/v2\/posts\/1134849","targetHints":{"allow":["GET"]}}],"collection":[{"href":"https:\/\/dimensionturistica.com\/es\/wp-json\/wp\/v2\/posts"}],"about":[{"href":"https:\/\/dimensionturistica.com\/es\/wp-json\/wp\/v2\/types\/post"}],"author":[{"embeddable":true,"href":"https:\/\/dimensionturistica.com\/es\/wp-json\/wp\/v2\/users\/14"}],"replies":[{"embeddable":true,"href":"https:\/\/dimensionturistica.com\/es\/wp-json\/wp\/v2\/comments?post=1134849"}],"version-history":[{"count":1,"href":"https:\/\/dimensionturistica.com\/es\/wp-json\/wp\/v2\/posts\/1134849\/revisions"}],"predecessor-version":[{"id":1134851,"href":"https:\/\/dimensionturistica.com\/es\/wp-json\/wp\/v2\/posts\/1134849\/revisions\/1134851"}],"wp:featuredmedia":[{"embeddable":true,"href":"https:\/\/dimensionturistica.com\/es\/wp-json\/wp\/v2\/media\/1134850"}],"wp:attachment":[{"href":"https:\/\/dimensionturistica.com\/es\/wp-json\/wp\/v2\/media?parent=1134849"}],"wp:term":[{"taxonomy":"category","embeddable":true,"href":"https:\/\/dimensionturistica.com\/es\/wp-json\/wp\/v2\/categories?post=1134849"},{"taxonomy":"post_tag","embeddable":true,"href":"https:\/\/dimensionturistica.com\/es\/wp-json\/wp\/v2\/tags?post=1134849"}],"curies":[{"name":"wp","href":"https:\/\/api.w.org\/{rel}","templated":true}]}}