{"id":1134730,"date":"2026-04-04T01:48:48","date_gmt":"2026-04-04T01:48:48","guid":{"rendered":"https:\/\/dimensionturistica.com\/es\/?p=1134730"},"modified":"2026-04-04T01:48:48","modified_gmt":"2026-04-04T01:48:48","slug":"es-perjudicial-el-ambiente-en-la-oficina-impactos-verdaderos-en-la-piel-y-la-salud-del-aire-indoor","status":"publish","type":"post","link":"https:\/\/dimensionturistica.com\/es\/es-perjudicial-el-ambiente-en-la-oficina-impactos-verdaderos-en-la-piel-y-la-salud-del-aire-indoor\/","title":{"rendered":"\u00bfEs perjudicial el ambiente en la oficina? Impactos verdaderos en la piel y la salud del aire indoor."},"content":{"rendered":"<h3>El Impacto del Aire de Oficina en la Salud y la Piel: Un Asunto que Debemos Abordar<\/h3>\n<p>La vida moderna est\u00e1 inextricablemente ligada a entornos laborales en los que pasamos largas horas, y uno de los aspectos que a menudo pasa desapercibido es la calidad del aire que respiramos en estos espacios. Un ambiente contaminado puede tener efectos nocivos no solo para la salud en general, sino tambi\u00e9n para el estado de la piel. Desglosar este tema es esencial, no solo para los profesionales de la salud, sino tambi\u00e9n para todos aquellos que buscan mantener un bienestar integral.<\/p>\n<p><strong>Los Factores que Afectan la Calidad del Aire en la Oficina<\/strong><\/p>\n<p>Las oficinas suelen contar con sistemas de aire acondicionado y ventilaci\u00f3n que, aunque eficaces, pueden propiciar una acumulaci\u00f3n de contaminantes como polvo, \u00e1caros y productos qu\u00edmicos de limpieza. Adem\u00e1s, el uso de equipos tecnol\u00f3gicos, como impresoras y computadoras, libera compuestos org\u00e1nicos vol\u00e1tiles que se suman a la contaminaci\u00f3n interna. Este c\u00f3ctel puede resultar perjudicial, afectando desde la salud respiratoria hasta la calidad de nuestra piel.<\/p>\n<p><strong>La Relaci\u00f3n entre el Ambiente y la Piel<\/strong><\/p>\n<p>La piel es el \u00f3rgano m\u00e1s extenso de nuestro cuerpo y se ve directamente influenciada por el entorno. La exposici\u00f3n a un aire seco y contaminado puede desencadenar problemas como sequedad, irritaci\u00f3n e incluso acentuaci\u00f3n de condiciones preexistentes como el acn\u00e9 o la ros\u00e1cea. A nivel celular, la falta de humedad y la contaminaci\u00f3n contribuyen a un envejecimiento prematuro y a la reducci\u00f3n de la luminosidad natural de la piel.<\/p>\n<p><strong>Estrategias para Mejorar la Calidad del Aire en el Trabajo<\/strong><\/p>\n<p>Implementar cambios sencillos puede marcar una gran diferencia:<\/p>\n<ol>\n<li>\n<p><strong>Ventilaci\u00f3n Natural:<\/strong> Siempre que sea posible, abrir ventanas para promover la circulaci\u00f3n del aire exterior puede mejorar sustancialmente la calidad del aire.<\/p>\n<\/li>\n<li>\n<p><strong>Plantas de Interior:<\/strong> Incorporar plantas en el espacio laboral no solo se traduce en un entorno est\u00e9ticamente agradable, sino que ciertos tipos, como el potos o la sansevieria, ayudan a purificar el aire.<\/p>\n<\/li>\n<li>\n<p><strong>Hidrataci\u00f3n:<\/strong> El uso de humidificadores puede contrarrestar el aire seco, beneficiando tanto a los trabajadores como a su piel.<\/p>\n<\/li>\n<li>\n<p><strong>Mantenimiento Regular:<\/strong> Un mantenimiento adecuado de los sistemas de climatizaci\u00f3n evitar\u00e1 la acumulaci\u00f3n de contaminantes y mejorar\u00e1 la calidad del aire.<\/p>\n<\/li>\n<li>\n<p><strong>Productos Conscientes:<\/strong> Optar por productos de limpieza y de oficina que sean ecol\u00f3gicos y no t\u00f3xicos tambi\u00e9n contribuye a la creaci\u00f3n de un ambiente m\u00e1s saludable.<\/p>\n<\/li>\n<\/ol>\n<p><strong>Bienestar Integral: M\u00e1s All\u00e1 de la Moda<\/strong><\/p>\n<p>La moda no solo se expresa en lo que vestimos, sino tambi\u00e9n en la forma en que cuidamos de nosotros mismos en todos los aspectos. El cuidado de la piel y la salud integral deben estar al mismo nivel que las tendencias est\u00e9ticas. Informarse y tomar decisiones conscientes sobre el entorno laboral puede convertirse en una acci\u00f3n transformadora y proactiva.<\/p>\n<p>A medida que nos volvemos m\u00e1s conscientes de la relaci\u00f3n entre el ambiente laboral y nuestra salud, es fundamental considerar c\u00f3mo estos factores influyen en nuestra vida diaria. Mejorar la calidad del aire en la oficina no solo se trata de bienestar f\u00edsico, sino tambi\u00e9n de un enfoque hol\u00edstico hacia un estilo de vida m\u00e1s saludable y equilibrado. En la moda, como en la vida, la salud es siempre la mejor tendencia.<\/p>\n<p><em> &#8221; Fuentes www.vogue.mx &#8221; <\/em><\/p>\n","protected":false},"excerpt":{"rendered":"<p>El Impacto del Aire de Oficina en la Salud y la Piel: Un Asunto que Debemos Abordar La vida moderna est\u00e1 inextricablemente ligada a entornos laborales en los que pasamos largas horas, y uno de los aspectos que a menudo pasa desapercibido es la calidad del aire que respiramos en estos espacios. Un ambiente contaminado [&hellip;]<\/p>\n","protected":false},"author":14,"featured_media":1134731,"comment_status":"open","ping_status":"closed","sticky":false,"template":"","format":"standard","meta":{"om_disable_all_campaigns":false,"jnews-multi-image_gallery":[],"jnews_single_post":[],"jnews_primary_category":[],"jnews_social_meta":[],"footnotes":""},"categories":[144872],"tags":[274156,157991,178199,129042,274158,20218,274157,21503,649,238171,3180],"class_list":["post-1134730","post","type-post","status-publish","format-standard","has-post-thumbnail","hentry","category-fashion","tag-aire-de-oficina","tag-ambiente-laboral","tag-bienestar-laboral","tag-calidad-del-aire","tag-contaminacion-interior","tag-cuerpo","tag-efectos-del-aire","tag-piel","tag-salud","tag-salud-en-el-trabajo","tag-salud-mental"],"_links":{"self":[{"href":"https:\/\/dimensionturistica.com\/es\/wp-json\/wp\/v2\/posts\/1134730","targetHints":{"allow":["GET"]}}],"collection":[{"href":"https:\/\/dimensionturistica.com\/es\/wp-json\/wp\/v2\/posts"}],"about":[{"href":"https:\/\/dimensionturistica.com\/es\/wp-json\/wp\/v2\/types\/post"}],"author":[{"embeddable":true,"href":"https:\/\/dimensionturistica.com\/es\/wp-json\/wp\/v2\/users\/14"}],"replies":[{"embeddable":true,"href":"https:\/\/dimensionturistica.com\/es\/wp-json\/wp\/v2\/comments?post=1134730"}],"version-history":[{"count":1,"href":"https:\/\/dimensionturistica.com\/es\/wp-json\/wp\/v2\/posts\/1134730\/revisions"}],"predecessor-version":[{"id":1134732,"href":"https:\/\/dimensionturistica.com\/es\/wp-json\/wp\/v2\/posts\/1134730\/revisions\/1134732"}],"wp:featuredmedia":[{"embeddable":true,"href":"https:\/\/dimensionturistica.com\/es\/wp-json\/wp\/v2\/media\/1134731"}],"wp:attachment":[{"href":"https:\/\/dimensionturistica.com\/es\/wp-json\/wp\/v2\/media?parent=1134730"}],"wp:term":[{"taxonomy":"category","embeddable":true,"href":"https:\/\/dimensionturistica.com\/es\/wp-json\/wp\/v2\/categories?post=1134730"},{"taxonomy":"post_tag","embeddable":true,"href":"https:\/\/dimensionturistica.com\/es\/wp-json\/wp\/v2\/tags?post=1134730"}],"curies":[{"name":"wp","href":"https:\/\/api.w.org\/{rel}","templated":true}]}}