{"id":1134600,"date":"2026-04-03T18:54:48","date_gmt":"2026-04-03T18:54:48","guid":{"rendered":"https:\/\/dimensionturistica.com\/es\/?p=1134600"},"modified":"2026-04-03T18:54:48","modified_gmt":"2026-04-03T18:54:48","slug":"65-interrogantes-que-nos-quedaron-tras-ver-la-telenovela","status":"publish","type":"post","link":"https:\/\/dimensionturistica.com\/es\/65-interrogantes-que-nos-quedaron-tras-ver-la-telenovela\/","title":{"rendered":"65 Interrogantes Que Nos Quedaron Tras Ver \u2018La Telenovela\u2019"},"content":{"rendered":"<h3>El Fen\u00f3meno del Drama: Preguntas que Nos Intrigan<\/h3>\n<p>En el vasto universo de la moda y el entretenimiento, ciertos dramas han capturado nuestra atenci\u00f3n de manera inigualable. Con cada episodio, surgen nuevas interrogantes que, lejos de ser triviales, nos llevan a indagar en las complejidades del estilo, la identidad y las relaciones interpersonales. Este art\u00edculo se adentra en las 65 preguntas que dejan los espectadores resonando y reflexionando tras un desenlace intrigante.<\/p>\n<h4>1. <strong>\u00bfQu\u00e9 define realmente el estilo de un personaje?<\/strong><\/h4>\n<p>El vestuario juega un papel fundamental en la construcci\u00f3n de la personalidad de cada individuo. Entre las elecciones de cada atuendo, surge la pregunta: \u00bfes el estilo una extensi\u00f3n de la personalidad o una forma de autoexpresi\u00f3n?<\/p>\n<h4>2. <strong>\u00bfC\u00f3mo influye el contexto cultural en la moda presentada?<\/strong><\/h4>\n<p>Las tendencias no surgen en el vac\u00edo. Un an\u00e1lisis del entorno puede revelar mucho sobre por qu\u00e9 ciertos looks son populares, lo que nos lleva a preguntarnos: \u00bfc\u00f3mo refleja la moda de un drama espec\u00edfico la cultura contempor\u00e1nea?<\/p>\n<h4>3. <strong>\u00bfQu\u00e9 nos dice el vestuario sobre las relaciones entre personajes?<\/strong><\/h4>\n<p>Desde la rivalidad hasta el romance, el vestuario tambi\u00e9n cuenta historias subyacentes. Cada elecci\u00f3n de atuendo puede implicar din\u00e1micas complejas que merecen ser desmenuzadas.<\/p>\n<h4>4. <strong>\u00bfC\u00f3mo cambia la percepci\u00f3n de un personaje a lo largo de la trama?<\/strong><\/h4>\n<p>La evoluci\u00f3n de un personaje a menudo est\u00e1 alineada con su vestuario. \u00bfPodr\u00e1n los cambios sutiles en su estilo indicar un crecimiento personal o una transformaci\u00f3n interna?<\/p>\n<h4>5. <strong>\u00bfQu\u00e9 influencias externas impactan en el dise\u00f1o de vestuario?<\/strong><\/h4>\n<p>Desde ic\u00f3nicas casas de moda hasta la moda urbana, el vestuario de un drama es un caleidoscopio de influencias. \u00bfC\u00f3mo se integran estas referencias en la narrativa visual?<\/p>\n<h4>6. <strong>\u00bfLa moda puede convertirse en un personaje en s\u00ed misma?<\/strong><\/h4>\n<p>En algunos dramas, las prendas no solo complementan la historia; son fundamentales para la misma. Este fen\u00f3meno plantea: \u00bfpuede la moda ser considerado un personaje con propia voz y personalidad?<\/p>\n<h4>7. <strong>\u00bfQu\u00e9 papel juega la sostenibilidad en la moda de la narrativa?<\/strong><\/h4>\n<p>En la actualidad, la sostenibilidad es un tema crucial. \u00bfC\u00f3mo se refleja la preocupaci\u00f3n por el medio ambiente en las elecciones de vestuario y qu\u00e9 mensaje transmiten?<\/p>\n<h4>8. <strong>\u00bfC\u00f3mo las elecciones de vestuario impactan en nuestras percepciones del \u00e9xito y la ambici\u00f3n?<\/strong><\/h4>\n<p>Los atuendos pueden ser un poderoso s\u00edmbolo de \u00e9xito. La pregunta que surge es: \u00bfc\u00f3mo se relaciona el vestuario con las aspiraciones sociales y econ\u00f3micas de los personajes?<\/p>\n<p>Con cada episodio, el drama nos invita a contemplar no solo la historia en s\u00ed misma, sino tambi\u00e9n el intr\u00ednseco simbolismo que la moda puede aportar. La curiosidad por desentra\u00f1ar estas preguntas promueve un di\u00e1logo continuo sobre c\u00f3mo el vestuario influye en la narrativa y viceversa. Los espectadores, al investir tiempo en estos relatos visuales, encuentran una intersecci\u00f3n fascinante entre su propia vida y la del universo ficticio, donde la moda se convierte en un espejo reflexivo.<\/p>\n<p>La discusi\u00f3n est\u00e1 abierta. \u00bfCu\u00e1les son tus pensamientos? \u00bfQu\u00e9 preguntas adicionales surgir\u00edan al analizar la conexi\u00f3n entre la moda y la narrativa? La influencia del estilo en los dramas contempor\u00e1neos contin\u00faa desafiando nuestra percepci\u00f3n. Al observar m\u00e1s de cerca, descubrimos que la moda no es solo una cuesti\u00f3n de apariencia, sino un hilo conductor que entrelaza las experiencias humanas dentro y fuera de la pantalla.<\/p>\n<p><em> &#8221; Fuentes www.vogue.com &#8221; <\/em><\/p>\n","protected":false},"excerpt":{"rendered":"<p>El Fen\u00f3meno del Drama: Preguntas que Nos Intrigan En el vasto universo de la moda y el entretenimiento, ciertos dramas han capturado nuestra atenci\u00f3n de manera inigualable. Con cada episodio, surgen nuevas interrogantes que, lejos de ser triviales, nos llevan a indagar en las complejidades del estilo, la identidad y las relaciones interpersonales. Este art\u00edculo [&hellip;]<\/p>\n","protected":false},"author":14,"featured_media":1134601,"comment_status":"open","ping_status":"closed","sticky":false,"template":"","format":"standard","meta":{"om_disable_all_campaigns":false,"jnews-multi-image_gallery":[],"jnews_single_post":[],"jnews_primary_category":[],"jnews_social_meta":[],"footnotes":""},"categories":[144872],"tags":[77795,132238,489,225,98429,773,82805,51893,225529,142911,25016,217332,134,198621,218745],"class_list":["post-1134600","post","type-post","status-publish","format-standard","has-post-thumbnail","hentry","category-fashion","tag-analysis","tag-digital_syndication","tag-drama","tag-entertainment","tag-insights","tag-opinion","tag-questions","tag-reviews","tag-series-discussion","tag-splitscreenimageleftinset","tag-storytelling","tag-storytypelist","tag-television","tag-tv-movies","tag-viewer-reactions"],"_links":{"self":[{"href":"https:\/\/dimensionturistica.com\/es\/wp-json\/wp\/v2\/posts\/1134600","targetHints":{"allow":["GET"]}}],"collection":[{"href":"https:\/\/dimensionturistica.com\/es\/wp-json\/wp\/v2\/posts"}],"about":[{"href":"https:\/\/dimensionturistica.com\/es\/wp-json\/wp\/v2\/types\/post"}],"author":[{"embeddable":true,"href":"https:\/\/dimensionturistica.com\/es\/wp-json\/wp\/v2\/users\/14"}],"replies":[{"embeddable":true,"href":"https:\/\/dimensionturistica.com\/es\/wp-json\/wp\/v2\/comments?post=1134600"}],"version-history":[{"count":1,"href":"https:\/\/dimensionturistica.com\/es\/wp-json\/wp\/v2\/posts\/1134600\/revisions"}],"predecessor-version":[{"id":1134602,"href":"https:\/\/dimensionturistica.com\/es\/wp-json\/wp\/v2\/posts\/1134600\/revisions\/1134602"}],"wp:featuredmedia":[{"embeddable":true,"href":"https:\/\/dimensionturistica.com\/es\/wp-json\/wp\/v2\/media\/1134601"}],"wp:attachment":[{"href":"https:\/\/dimensionturistica.com\/es\/wp-json\/wp\/v2\/media?parent=1134600"}],"wp:term":[{"taxonomy":"category","embeddable":true,"href":"https:\/\/dimensionturistica.com\/es\/wp-json\/wp\/v2\/categories?post=1134600"},{"taxonomy":"post_tag","embeddable":true,"href":"https:\/\/dimensionturistica.com\/es\/wp-json\/wp\/v2\/tags?post=1134600"}],"curies":[{"name":"wp","href":"https:\/\/api.w.org\/{rel}","templated":true}]}}