{"id":1134329,"date":"2026-04-03T05:09:46","date_gmt":"2026-04-03T05:09:46","guid":{"rendered":"https:\/\/dimensionturistica.com\/es\/?p=1134329"},"modified":"2026-04-03T05:09:46","modified_gmt":"2026-04-03T05:09:46","slug":"las-agencias-de-turismo-se-preparan-para-la-semana-santa-y-san-prudencio-con-optimismo-a-pesar-de-la-incertidumbre-ocasionada-por-el-conflicto-en-iran","status":"publish","type":"post","link":"https:\/\/dimensionturistica.com\/es\/las-agencias-de-turismo-se-preparan-para-la-semana-santa-y-san-prudencio-con-optimismo-a-pesar-de-la-incertidumbre-ocasionada-por-el-conflicto-en-iran\/","title":{"rendered":"Las agencias de turismo se preparan para la Semana Santa y San Prudencio con optimismo a pesar de la incertidumbre ocasionada por el conflicto en Ir\u00e1n."},"content":{"rendered":"<h3>Viajar desde \u00c1lava: Una ventana abierta al mundo<\/h3>\n<p>En un contexto global lleno de incertidumbres econ\u00f3micas y desaf\u00edos, la pasi\u00f3n por viajar puede parecer relegada a un segundo plano. Sin embargo, en \u00c1lava, las reservas tur\u00edsticas mantienen un pulso vibrante, reafirmando que la curiosidad y el deseo de explorar no conocen obst\u00e1culos. Este fen\u00f3meno invita a explorar no solo la resiliencia del sector tur\u00edstico local, sino tambi\u00e9n las oportunidades que se presentan para los viajeros que buscan nuevas experiencias lejos de las rutas m\u00e1s transitadas.<\/p>\n<h4>Inter\u00e9s en el turismo local<\/h4>\n<p>Los alaveses han demostrado una notable disposici\u00f3n a viajar, tanto dentro como fuera de su provincia, a pesar de las circunstancias mundiales actuales. Muchas personas han revalorizado el turismo local, optando por descubrir las joyas ocultas de su propia regi\u00f3n. Desde las impresionantes bodegas de La Rioja Alavesa hasta los paisajes serenos de la naturaleza que rodea el Parque Natural de Gorbeia, la cercan\u00eda se convierte en un aliciente para quienes buscan un escape sin la necesidad de largos desplazamientos.<\/p>\n<h4>Un turismo con sentido<\/h4>\n<p>Otro aspecto a destacar es la forma en que el turismo en \u00c1lava se ha adaptado a las nuevas demandas del viajero moderno. El inter\u00e9s por experiencias m\u00e1s sostenibles y responsables ha llevado a muchos emprendedores a desarrollar actividades que no solo atraen a turistas, sino que tambi\u00e9n benefician a las comunidades locales. Desde talleres de gastronom\u00eda tradicional hasta rutas ecotur\u00edsticas, el viajero consciente encuentra en \u00c1lava un entorno donde puede disfrutar y, a la vez, contribuir al bienestar del entorno.<\/p>\n<h4>M\u00e1s all\u00e1 de la provincia<\/h4>\n<p>Si bien el turismo local sigue siendo popular, hay un creciente inter\u00e9s en explorar destinos internacionales, un deseo que se mantiene fuerte a pesar de las dificultades. Los viajeros de \u00c1lava est\u00e1n ansiosos por descubrir nuevas culturas, gastronom\u00edas y paisajes, siempre con la mirada puesta en las ofertas que puedan ofrecerles una experiencia \u00fanica. Las tarifas competitivas de vuelos y paquetes, junto con la amplia variedad de opciones que se presentan en la actualidad, han abierto las puertas a un mundo de posibilidades.<\/p>\n<h4>Reestructuraci\u00f3n del sector<\/h4>\n<p>Los agentes de viaje y hoteleros en \u00c1lava han reimaginado sus enfoques. Adaptarse a un mundo en constante cambio ha sido clave para sostener el inter\u00e9s de los viajeros. Los negocios est\u00e1n innovando, ofreciendo flexibilidad en las reservas y un enfoque en la salud y la seguridad, lo que genera confianza en los viajeros. Este aspecto es fundamental para seguir capturando el inter\u00e9s y garantizar que cada viaje sea tanto seguro como placentero.<\/p>\n<h4>Conclusi\u00f3n<\/h4>\n<p>\u00c1lava se erige como un ejemplo de c\u00f3mo la pasi\u00f3n por viajar puede prevalecer a pesar de las adversidades. La regi\u00f3n no solo est\u00e1 lista para recibir a los viajeros con los brazos abiertos, sino que tambi\u00e9n les ofrece un sinf\u00edn de posibilidades, tanto dentro de sus fronteras como m\u00e1s all\u00e1. En un mundo que a veces parece estar en pausa, el esp\u00edritu aventurero de los alaveses sigue vibrante, record\u00e1ndonos que el deseo de descubrir es un impulso que nadie puede desactivar. \u00a1Adelante, aventureros! \u00c1lava y m\u00e1s all\u00e1 est\u00e1n esperando su pr\u00f3ximo paso.<\/p>\n<p><em> &#8221; Sources www.noticiasdealava.eus &#8221; <\/em><\/p>\n","protected":false},"excerpt":{"rendered":"<p>Viajar desde \u00c1lava: Una ventana abierta al mundo En un contexto global lleno de incertidumbres econ\u00f3micas y desaf\u00edos, la pasi\u00f3n por viajar puede parecer relegada a un segundo plano. Sin embargo, en \u00c1lava, las reservas tur\u00edsticas mantienen un pulso vibrante, reafirmando que la curiosidad y el deseo de explorar no conocen obst\u00e1culos. Este fen\u00f3meno invita [&hellip;]<\/p>\n","protected":false},"author":4,"featured_media":1134330,"comment_status":"open","ping_status":"closed","sticky":false,"template":"","format":"standard","meta":{"om_disable_all_campaigns":false,"jnews-multi-image_gallery":[],"jnews_single_post":[],"jnews_primary_category":[],"jnews_social_meta":[],"footnotes":""},"categories":[40],"tags":[22728,783,5889,16479,43966,2711,270022,4482,2280,1865,274026,2946,790,545],"class_list":["post-1134329","post","type-post","status-publish","format-standard","has-post-thumbnail","hentry","category-industria","tag-afecta","tag-agencias-de-viaje","tag-alava","tag-apenas","tag-contexto","tag-expectativas","tag-guerra-en-iran","tag-incertidumbre","tag-mundial","tag-reservas","tag-san-prudencio","tag-semana-santa","tag-viajar","tag-viajes"],"_links":{"self":[{"href":"https:\/\/dimensionturistica.com\/es\/wp-json\/wp\/v2\/posts\/1134329","targetHints":{"allow":["GET"]}}],"collection":[{"href":"https:\/\/dimensionturistica.com\/es\/wp-json\/wp\/v2\/posts"}],"about":[{"href":"https:\/\/dimensionturistica.com\/es\/wp-json\/wp\/v2\/types\/post"}],"author":[{"embeddable":true,"href":"https:\/\/dimensionturistica.com\/es\/wp-json\/wp\/v2\/users\/4"}],"replies":[{"embeddable":true,"href":"https:\/\/dimensionturistica.com\/es\/wp-json\/wp\/v2\/comments?post=1134329"}],"version-history":[{"count":1,"href":"https:\/\/dimensionturistica.com\/es\/wp-json\/wp\/v2\/posts\/1134329\/revisions"}],"predecessor-version":[{"id":1134331,"href":"https:\/\/dimensionturistica.com\/es\/wp-json\/wp\/v2\/posts\/1134329\/revisions\/1134331"}],"wp:featuredmedia":[{"embeddable":true,"href":"https:\/\/dimensionturistica.com\/es\/wp-json\/wp\/v2\/media\/1134330"}],"wp:attachment":[{"href":"https:\/\/dimensionturistica.com\/es\/wp-json\/wp\/v2\/media?parent=1134329"}],"wp:term":[{"taxonomy":"category","embeddable":true,"href":"https:\/\/dimensionturistica.com\/es\/wp-json\/wp\/v2\/categories?post=1134329"},{"taxonomy":"post_tag","embeddable":true,"href":"https:\/\/dimensionturistica.com\/es\/wp-json\/wp\/v2\/tags?post=1134329"}],"curies":[{"name":"wp","href":"https:\/\/api.w.org\/{rel}","templated":true}]}}