{"id":1134276,"date":"2026-04-03T02:29:48","date_gmt":"2026-04-03T02:29:48","guid":{"rendered":"https:\/\/dimensionturistica.com\/es\/?p=1134276"},"modified":"2026-04-03T02:29:48","modified_gmt":"2026-04-03T02:29:48","slug":"el-regreso-triunfal-del-traje-de-falda-esta-primavera","status":"publish","type":"post","link":"https:\/\/dimensionturistica.com\/es\/el-regreso-triunfal-del-traje-de-falda-esta-primavera\/","title":{"rendered":"El regreso triunfal del traje de falda esta primavera."},"content":{"rendered":"<h3>El Renacer del Traje de Falda: Estilo Inteligente y Vers\u00e1til<\/h3>\n<p>En el mundo de la moda, ciertos elementos nunca pasan de moda; entre ellos se encuentra el traje de falda, una propuesta que ha resurgido con fuerza en las pasarelas y en el street style. Este conjunto no solo prioriza el estilo, sino que tambi\u00e9n evoca una elegancia atemporal que puede adaptarse a diversas ocasiones.<\/p>\n<h4>Un \u00cdcono del Empoderamiento Femenino<\/h4>\n<p>El traje de falda ha sido un s\u00edmbolo de poder y feminidad desde sus inicios. En los \u00faltimos a\u00f1os, este look ha evolucionado, incorporando distintas texturas, colores y siluetas que reflejan la esencia contempor\u00e1nea de la mujer moderna. Desde tejidos cl\u00e1sicos como la lana y el tweed hasta opciones m\u00e1s atrevidas como vinilo y seda, las posibilidades son infinitas.<\/p>\n<h4>La Diversidad de Looks<\/h4>\n<p>El traje de falda se presenta en una variedad de estilos que pueden ser f\u00e1cilmente adaptados. Para un evento formal, un conjunto en tonos oscuros, acompa\u00f1ado de una blusa delicada y unos tacones elegantes, grita sofisticaci\u00f3n. Alternativamente, un enfoque m\u00e1s casual puede involucrar una falda l\u00e1piz combinada con una camiseta de algod\u00f3n y zapatillas deportivas, logrando un equilibrio perfecto entre comodidad y estilo.<\/p>\n<h4>Accesorios que Marcan la Diferencia<\/h4>\n<p>Los accesorios juegan un papel fundamental en la personalizaci\u00f3n del traje de falda. Un cintur\u00f3n statement puede acentuar la cintura, mientras que unos pendientes llamativos o un bolso de dise\u00f1o pueden elevar el conjunto a otro nivel. La elecci\u00f3n de los zapatos, desde botines hasta stilettos, puede transformar completamente el look, haciendo que un mismo traje se vea diferente en cada ocasi\u00f3n.<\/p>\n<h4>Colores y Patrones<\/h4>\n<p>La paleta de colores y los patrones son esenciales para que el traje de falda se destaque. Tonos vibrantes como el rojo y el azul el\u00e9ctrico est\u00e1n en tendencia, as\u00ed como los estampados a cuadros y florales. Estas elecciones no solo aportan frescura, sino que tambi\u00e9n pueden expresar la personalidad de quien lo lleva puesto.<\/p>\n<h4>Una Opci\u00f3n Sostenible<\/h4>\n<p>El traje de falda tambi\u00e9n se alinea con la creciente tendencia de la moda sostenible. Invertir en piezas duraderas y de calidad no solo es un acto consciente, sino que tambi\u00e9n contribuye a un guardarropa que puede ser utilizado durante varias temporadas. La versatilidad del traje permite m\u00faltiples combinaciones, evitando la necesidad de una renovaci\u00f3n constante.<\/p>\n<h3>La Influencia del Street Style<\/h3>\n<p>En las calles, el traje de falda ha sido adoptado por influenciadoras y creativas del sector, quienes lo reinterpretan de maneras innovadoras. Desde combinaciones atrevidas hasta opciones m\u00e1s cl\u00e1sicas, el street style muestra c\u00f3mo esta prenda puede ser un lienzo en blanco para la autoexpresi\u00f3n, inspirando a muchas a experimentar con su vestimenta.<\/p>\n<h3>Un Cierre con Estilo<\/h3>\n<p>El traje de falda est\u00e1 viviendo un momento de apogeo, ofreciendo una forma fresca y moderna de abordar la moda. Ya sea en una reuni\u00f3n de trabajo, un brunch o una noche de gala, se asegura de que cada mujer se sienta empoderada y lista para conquistar el mundo. Esta versatilidad, combinada con un sentido renovado de estilo, hace que el traje de falda sea una elecci\u00f3n obligada para el guardarropa contempor\u00e1neo.<\/p>\n<p><em> &#8221; Fuentes www.vogue.com &#8221; <\/em><\/p>\n","protected":false},"excerpt":{"rendered":"<p>El Renacer del Traje de Falda: Estilo Inteligente y Vers\u00e1til En el mundo de la moda, ciertos elementos nunca pasan de moda; entre ellos se encuentra el traje de falda, una propuesta que ha resurgido con fuerza en las pasarelas y en el street style. Este conjunto no solo prioriza el estilo, sino que tambi\u00e9n [&hellip;]<\/p>\n","protected":false},"author":14,"featured_media":1134277,"comment_status":"open","ping_status":"closed","sticky":false,"template":"","format":"standard","meta":{"om_disable_all_campaigns":false,"jnews-multi-image_gallery":[],"jnews_single_post":[],"jnews_primary_category":[],"jnews_social_meta":[],"footnotes":""},"categories":[144872],"tags":[198537,198594,198536,198535,198756,202793,166,198499,226494,202,250020,200358,217122,204984,198500,202521,373,201498],"class_list":["post-1134276","post","type-post","status-publish","format-standard","has-post-thumbnail","hentry","category-fashion","tag-_commerce","tag-_sensitivecontent","tag-_seo","tag-_syndication_noshow","tag-2023-trends","tag-clothing-trends","tag-fashion","tag-onecolumn","tag-professional-attire","tag-shopping","tag-skirt-suit","tag-spring-fashion","tag-storytypecategory-guide-comparison","tag-style-revival","tag-textabovecenterfullbleed","tag-wardrobe-essentials","tag-web","tag-womens-wear"],"_links":{"self":[{"href":"https:\/\/dimensionturistica.com\/es\/wp-json\/wp\/v2\/posts\/1134276","targetHints":{"allow":["GET"]}}],"collection":[{"href":"https:\/\/dimensionturistica.com\/es\/wp-json\/wp\/v2\/posts"}],"about":[{"href":"https:\/\/dimensionturistica.com\/es\/wp-json\/wp\/v2\/types\/post"}],"author":[{"embeddable":true,"href":"https:\/\/dimensionturistica.com\/es\/wp-json\/wp\/v2\/users\/14"}],"replies":[{"embeddable":true,"href":"https:\/\/dimensionturistica.com\/es\/wp-json\/wp\/v2\/comments?post=1134276"}],"version-history":[{"count":1,"href":"https:\/\/dimensionturistica.com\/es\/wp-json\/wp\/v2\/posts\/1134276\/revisions"}],"predecessor-version":[{"id":1134278,"href":"https:\/\/dimensionturistica.com\/es\/wp-json\/wp\/v2\/posts\/1134276\/revisions\/1134278"}],"wp:featuredmedia":[{"embeddable":true,"href":"https:\/\/dimensionturistica.com\/es\/wp-json\/wp\/v2\/media\/1134277"}],"wp:attachment":[{"href":"https:\/\/dimensionturistica.com\/es\/wp-json\/wp\/v2\/media?parent=1134276"}],"wp:term":[{"taxonomy":"category","embeddable":true,"href":"https:\/\/dimensionturistica.com\/es\/wp-json\/wp\/v2\/categories?post=1134276"},{"taxonomy":"post_tag","embeddable":true,"href":"https:\/\/dimensionturistica.com\/es\/wp-json\/wp\/v2\/tags?post=1134276"}],"curies":[{"name":"wp","href":"https:\/\/api.w.org\/{rel}","templated":true}]}}