{"id":1134267,"date":"2026-04-03T01:38:45","date_gmt":"2026-04-03T01:38:45","guid":{"rendered":"https:\/\/dimensionturistica.com\/es\/?p=1134267"},"modified":"2026-04-03T01:38:45","modified_gmt":"2026-04-03T01:38:45","slug":"principales-lecciones-de-moda-en-la-conferencia-sobre-cambio-climatico","status":"publish","type":"post","link":"https:\/\/dimensionturistica.com\/es\/principales-lecciones-de-moda-en-la-conferencia-sobre-cambio-climatico\/","title":{"rendered":"Principales Lecciones de Moda en la Conferencia sobre Cambio Clim\u00e1tico"},"content":{"rendered":"<h3>La Moda y el Cambio Clim\u00e1tico: Un Nuevo Paradigma Sostenible<\/h3>\n<p>El mundo de la moda se encuentra en un momento de transformaci\u00f3n radical impulsado por la urgencia del cambio clim\u00e1tico. Las marcas est\u00e1n empezando a comprender que su impacto ambiental no puede ser ignorado, lo que ha llevado a una reflexi\u00f3n profunda sobre sus pr\u00e1cticas y procesos.<\/p>\n<h4>Moda Circular: La Nueva Estrategia<\/h4>\n<p>La tendencia hacia la sostenibilidad se manifiesta en la adopci\u00f3n del modelo de econom\u00eda circular. Las marcas est\u00e1n reimaginando la vida de sus productos, buscando reducir el desperdicio a trav\u00e9s del reciclaje y la reutilizaci\u00f3n. Las iniciativas como el &#8220;upcycling&#8221; (reciclaje creativo) han cobrado fuerza, permitiendo que viejas prendas se reinventen en piezas \u00fanicas y deseables. Esta pr\u00e1ctica no solo minimiza la huella de carbono, sino que tambi\u00e9n ofrece a los consumidores la oportunidad de poseer algo verdaderamente original.<\/p>\n<h4>Materiales Sostenibles: Innovaci\u00f3n al Servicio del Planeta<\/h4>\n<p>La b\u00fasqueda de materiales sostenibles es crucial en esta nueva era. Desde tejidos ecol\u00f3gicos hasta opciones biol\u00f3gicas y recicladas, la industria est\u00e1 investigando alternativas que respeten el medio ambiente. Marcas emergentes y establecidas est\u00e1n empleando fibras org\u00e1nicas, como el algod\u00f3n y el lino, as\u00ed como materiales innovadores, como cuero hecho de hongos. Este enfoque no solo reduce el da\u00f1o ambiental, sino que tambi\u00e9n establece un nuevo est\u00e1ndar de calidad.<\/p>\n<h4>Transparencia en la Producci\u00f3n: Un Imperativo del Consumidor<\/h4>\n<p>Los consumidores actuales demandan cada vez m\u00e1s transparencia por parte de las marcas. Est\u00e1n interesados en conocer el origen de los materiales y las condiciones laborales de quienes producen sus prendas. Este cambio en la mentalidad de los consumidores ha llevado a las empresas a asumir una responsabilidad social m\u00e1s activa, garantizando pr\u00e1cticas \u00e9ticas y sostenibles en toda su cadena de suministro.<\/p>\n<h4>El Poder de las Colaboraciones<\/h4>\n<p>Las colaboraciones entre marcas y organizaciones medioambientales est\u00e1n a\u00f1adiendo un nuevo nivel de credibilidad a las iniciativas sostenibles. Al unir fuerzas, las marcas pueden amplificar su mensaje y compromiso con el medio ambiente, a la vez que generan conciencia sobre la importancia de la sostenibilidad en la moda. Este enfoque colaborativo ayuda a crear un impacto positivo m\u00e1s amplio en la industria.<\/p>\n<h4>El Futuro: Educaci\u00f3n y Concienciaci\u00f3n<\/h4>\n<p>La formaci\u00f3n sobre sostenibilidad es fundamental para cambiar la narrativa en la moda. Programas educativos est\u00e1n emergiendo en escuelas de dise\u00f1o y empresas, preparando a la pr\u00f3xima generaci\u00f3n de dise\u00f1adores para que consideren el impacto social y ambiental de su trabajo. La educaci\u00f3n continua del consumidor tambi\u00e9n es clave para fomentar una mentalidad cr\u00edtica hacia el consumo y las elecciones de moda.<\/p>\n<h4>Acciones Inmediatas con Impacto a Largo Plazo<\/h4>\n<p>La industria de la moda se enfrenta a desaf\u00edos significativos, pero tambi\u00e9n tiene la oportunidad de liderar la lucha contra el cambio clim\u00e1tico. A trav\u00e9s de la innovaci\u00f3n, la responsabilidad y la colaboraci\u00f3n, se est\u00e1 gestando un futuro en el que la moda no solo sea un veh\u00edculo de expresi\u00f3n personal, sino tambi\u00e9n un aliado en la sostenibilidad del planeta.<\/p>\n<p>La transici\u00f3n hacia una moda m\u00e1s responsable no es solo necesaria, sino inevitable. La capacidad de la industria para adaptarse y florecer en este nuevo contexto determinar\u00e1 su lugar y legado en un mundo que busca equilibrio entre la belleza y la responsabilidad ambiental.<\/p>\n<p><em> &#8221; Fuentes www.vogue.com &#8221; <\/em><\/p>\n","protected":false},"excerpt":{"rendered":"<p>La Moda y el Cambio Clim\u00e1tico: Un Nuevo Paradigma Sostenible El mundo de la moda se encuentra en un momento de transformaci\u00f3n radical impulsado por la urgencia del cambio clim\u00e1tico. Las marcas est\u00e1n empezando a comprender que su impacto ambiental no puede ser ignorado, lo que ha llevado a una reflexi\u00f3n profunda sobre sus pr\u00e1cticas [&hellip;]<\/p>\n","protected":false},"author":14,"featured_media":1134268,"comment_status":"open","ping_status":"closed","sticky":false,"template":"","format":"standard","meta":{"om_disable_all_campaigns":false,"jnews-multi-image_gallery":[],"jnews_single_post":[],"jnews_primary_category":[],"jnews_social_meta":[],"footnotes":""},"categories":[144872],"tags":[119342,274002,420,274003,262847,274004,45440,71877,166,127523,70336,69354,260549,70299,160904,6194],"class_list":["post-1134267","post","type-post","status-publish","format-standard","has-post-thumbnail","hentry","category-fashion","tag-biodiversity","tag-changenow","tag-climate-change","tag-climate-conference","tag-decarbonisation","tag-eco-conscious","tag-eco-friendly","tag-environmental-impact","tag-fashion","tag-fashion-industry","tag-growth","tag-latest","tag-next-gen-materials","tag-sustainability","tag-sustainable-fashion","tag-trends"],"_links":{"self":[{"href":"https:\/\/dimensionturistica.com\/es\/wp-json\/wp\/v2\/posts\/1134267","targetHints":{"allow":["GET"]}}],"collection":[{"href":"https:\/\/dimensionturistica.com\/es\/wp-json\/wp\/v2\/posts"}],"about":[{"href":"https:\/\/dimensionturistica.com\/es\/wp-json\/wp\/v2\/types\/post"}],"author":[{"embeddable":true,"href":"https:\/\/dimensionturistica.com\/es\/wp-json\/wp\/v2\/users\/14"}],"replies":[{"embeddable":true,"href":"https:\/\/dimensionturistica.com\/es\/wp-json\/wp\/v2\/comments?post=1134267"}],"version-history":[{"count":1,"href":"https:\/\/dimensionturistica.com\/es\/wp-json\/wp\/v2\/posts\/1134267\/revisions"}],"predecessor-version":[{"id":1134269,"href":"https:\/\/dimensionturistica.com\/es\/wp-json\/wp\/v2\/posts\/1134267\/revisions\/1134269"}],"wp:featuredmedia":[{"embeddable":true,"href":"https:\/\/dimensionturistica.com\/es\/wp-json\/wp\/v2\/media\/1134268"}],"wp:attachment":[{"href":"https:\/\/dimensionturistica.com\/es\/wp-json\/wp\/v2\/media?parent=1134267"}],"wp:term":[{"taxonomy":"category","embeddable":true,"href":"https:\/\/dimensionturistica.com\/es\/wp-json\/wp\/v2\/categories?post=1134267"},{"taxonomy":"post_tag","embeddable":true,"href":"https:\/\/dimensionturistica.com\/es\/wp-json\/wp\/v2\/tags?post=1134267"}],"curies":[{"name":"wp","href":"https:\/\/api.w.org\/{rel}","templated":true}]}}