{"id":1134026,"date":"2026-04-02T15:14:55","date_gmt":"2026-04-02T15:14:55","guid":{"rendered":"https:\/\/dimensionturistica.com\/es\/?p=1134026"},"modified":"2026-04-02T15:14:55","modified_gmt":"2026-04-02T15:14:55","slug":"momentos-cariocas-en-la-ciudad-maravillosa","status":"publish","type":"post","link":"https:\/\/dimensionturistica.com\/es\/momentos-cariocas-en-la-ciudad-maravillosa\/","title":{"rendered":"Momentos Cariocas en la Ciudad Maravillosa"},"content":{"rendered":"<h3>R\u00edo de Janeiro: Un Viaje a Trav\u00e9s de la Moda y la Cultura<\/h3>\n<p>R\u00edo de Janeiro, conocido por su vibrante energ\u00eda, paisajes deslumbrantes y una cultura rica y diversa, se convierte en un escenario fascinante para la moda. Este lugar, con su mezcla \u00fanica de influencias africanas, ind\u00edgenas y europeas, ofrece un contexto singular que trasciende la simple est\u00e9tica.<\/p>\n<h4>La Influencia de la Cultura Local<\/h4>\n<p>La moda en R\u00edo no es solo un reflejo de tendencias internacionales; es una celebraci\u00f3n de su herencia cultural. Las calles se llenan de colores, texturas y dise\u00f1os que cuentan historias. Los trajes t\u00edpicos, especialmente durante el famoso Carnaval, destacan la creatividad de dise\u00f1adores locales que incorporan elementos tradicionales en su trabajo contempor\u00e1neo. Esta fusi\u00f3n produce piezas \u00fanicas que resuenan con la identidad carioca.<\/p>\n<h4>Sostenibilidad y Moda \u00c9tica<\/h4>\n<p>La moda sustentable est\u00e1 ganando terreno en la ciudad. Cada vez m\u00e1s dise\u00f1adores optan por materiales ecol\u00f3gicos y pr\u00e1cticas de producci\u00f3n responsables. Esta tendencia no solo responde a las demandas globales, sino que tambi\u00e9n refleja un compromiso con la preservaci\u00f3n ambiental de la regi\u00f3n y su cultura. Las iniciativas de moda \u00e9tica est\u00e1n cambiando la forma en que los consumidores ven sus elecciones, incentivando un consumo m\u00e1s consciente.<\/p>\n<h4>Eventos que Marcan Tendencia<\/h4>\n<p>Los desfiles de moda en R\u00edo se han convertido en plataformas importantes para el descubrimiento de nuevos talentos. Semanas de la moda y festivales como el Fashion Rio conectan a dise\u00f1adores emergentes con el vasto mundo de la moda. Estos eventos no solo destacan la moda carioca, sino que tambi\u00e9n proporcionan una ventana a la creatividad y la innovaci\u00f3n que caracteriza la industria local. <\/p>\n<h4>Iconos de Estilo<\/h4>\n<p>Las personalidades influyentes dentro de la escena de moda de R\u00edo est\u00e1n redefiniendo lo que significa ser un icono de estilo. Estos referentes combinan est\u00e9tica y car\u00e1cter, convirti\u00e9ndose en un catalizador para las tendencias no solo en Brasil, sino en todo el mundo. Los looks audaces, que mezclan elementos tradicionales y contempor\u00e1neos, est\u00e1n inspirando a una nueva generaci\u00f3n de creadores que desaf\u00edan las normas establecidas.<\/p>\n<h4>La Moda en el Espacio P\u00fablico<\/h4>\n<p>Las calles de R\u00edo se convierten en pasarelas naturales donde los ciudadanos exhiben su estilo personal. Esta manifestaci\u00f3n diaria de creatividad es un recordatorio de que la moda es una forma de expresi\u00f3n individual y colectiva. Cada esquina, desde las playas de Copacabana hasta los coloridos barrios de Santa Teresa, ofrece una paleta vibrante que inspira tanto a locales como a visitantes.<\/p>\n<h3>Conclusi\u00f3n<\/h3>\n<p>La moda en R\u00edo de Janeiro es un caleidoscopio de colores y culturas, un fen\u00f3meno que va m\u00e1s all\u00e1 de las tendencias temporales. A medida que el mundo observa, la ciudad contin\u00faa evolucionando su narrativa de estilo, convirti\u00e9ndose en un referente que trasciende fronteras. La fusi\u00f3n de tradici\u00f3n y modernidad, junto con un compromiso con la sostenibilidad, posicionan a R\u00edo como un faro de creatividad en el mapa global de la moda.<\/p>\n<p><em> &#8221; Fuentes www.vogue.com &#8221; <\/em><\/p>\n","protected":false},"excerpt":{"rendered":"<p>R\u00edo de Janeiro: Un Viaje a Trav\u00e9s de la Moda y la Cultura R\u00edo de Janeiro, conocido por su vibrante energ\u00eda, paisajes deslumbrantes y una cultura rica y diversa, se convierte en un escenario fascinante para la moda. Este lugar, con su mezcla \u00fanica de influencias africanas, ind\u00edgenas y europeas, ofrece un contexto singular que [&hellip;]<\/p>\n","protected":false},"author":14,"featured_media":1134027,"comment_status":"open","ping_status":"closed","sticky":false,"template":"","format":"standard","meta":{"om_disable_all_campaigns":false,"jnews-multi-image_gallery":[],"jnews_single_post":[],"jnews_primary_category":[],"jnews_social_meta":[],"footnotes":""},"categories":[144872],"tags":[1824,213731,662,273897,724,203311,549,192615,201849,200954,10386,218397,111204,544,373],"class_list":["post-1134026","post","type-post","status-publish","format-standard","has-post-thumbnail","hentry","category-fashion","tag-brasil","tag-cidade","tag-cultura","tag-dias-de-janeiro","tag-eventos","tag-exploracao","tag-ferias","tag-natureza","tag-photostories","tag-photovogue","tag-rio-de-janeiro","tag-storytypeannouncements","tag-textaboveleftsmall","tag-turismo","tag-web"],"_links":{"self":[{"href":"https:\/\/dimensionturistica.com\/es\/wp-json\/wp\/v2\/posts\/1134026","targetHints":{"allow":["GET"]}}],"collection":[{"href":"https:\/\/dimensionturistica.com\/es\/wp-json\/wp\/v2\/posts"}],"about":[{"href":"https:\/\/dimensionturistica.com\/es\/wp-json\/wp\/v2\/types\/post"}],"author":[{"embeddable":true,"href":"https:\/\/dimensionturistica.com\/es\/wp-json\/wp\/v2\/users\/14"}],"replies":[{"embeddable":true,"href":"https:\/\/dimensionturistica.com\/es\/wp-json\/wp\/v2\/comments?post=1134026"}],"version-history":[{"count":1,"href":"https:\/\/dimensionturistica.com\/es\/wp-json\/wp\/v2\/posts\/1134026\/revisions"}],"predecessor-version":[{"id":1134028,"href":"https:\/\/dimensionturistica.com\/es\/wp-json\/wp\/v2\/posts\/1134026\/revisions\/1134028"}],"wp:featuredmedia":[{"embeddable":true,"href":"https:\/\/dimensionturistica.com\/es\/wp-json\/wp\/v2\/media\/1134027"}],"wp:attachment":[{"href":"https:\/\/dimensionturistica.com\/es\/wp-json\/wp\/v2\/media?parent=1134026"}],"wp:term":[{"taxonomy":"category","embeddable":true,"href":"https:\/\/dimensionturistica.com\/es\/wp-json\/wp\/v2\/categories?post=1134026"},{"taxonomy":"post_tag","embeddable":true,"href":"https:\/\/dimensionturistica.com\/es\/wp-json\/wp\/v2\/tags?post=1134026"}],"curies":[{"name":"wp","href":"https:\/\/api.w.org\/{rel}","templated":true}]}}