{"id":1133835,"date":"2026-04-02T04:35:17","date_gmt":"2026-04-02T04:35:17","guid":{"rendered":"https:\/\/dimensionturistica.com\/es\/?p=1133835"},"modified":"2026-04-02T04:35:17","modified_gmt":"2026-04-02T04:35:17","slug":"un-autor-cordobes-triunfa-en-el-premio-internacional-de-literatura-de-viajes-2026-isabelle-eberhardt","status":"publish","type":"post","link":"https:\/\/dimensionturistica.com\/es\/un-autor-cordobes-triunfa-en-el-premio-internacional-de-literatura-de-viajes-2026-isabelle-eberhardt\/","title":{"rendered":"Un autor cordob\u00e9s triunfa en el Premio Internacional de Literatura de Viajes 2026 &#8220;Isabelle Eberhardt&#8221;"},"content":{"rendered":"<h3>La Magia de los Viajes en Palabras: Un Reconocimiento a la Literatura Viajera<\/h3>\n<p>En un mundo interconectado, donde los viajes se han convertido en una parte integral de nuestra vida cotidiana, la literatura sobre viajes sigue teniendo un lugar especial en nuestros corazones y mentes. Este a\u00f1o, un escritor cordob\u00e9s ha logrado un destacado reconocimiento en el \u00e1mbito internacional que celebra precisamente esta conexi\u00f3n entre las aventuras f\u00edsicas y las narraciones que las acompa\u00f1an.<\/p>\n<p>El galard\u00f3n otorgado, que rinde homenaje a la prestigiosa escritora Isabelle Eberhardt, se ha convertido en un faro para aquellos que, como el ganador, encuentran en la prosa un veh\u00edculo para explorar el mundo. Este reconocimiento no solo celebra la habilidad literaria, sino que tambi\u00e9n invita a reflexionar sobre la riqueza cultural y emocional que los viajes pueden aportar a nuestras vidas.<\/p>\n<p>La obra del ganador capta la esencia misma de lo que significa viajar: un tejido de experiencias, emociones y descubrimientos que van m\u00e1s all\u00e1 de los paisajes y las ciudades. Cada p\u00e1gina es un pasaporte a lugares lejanos, llenos de diversidad y matices, donde el autor nos lleva de la mano a trav\u00e9s de sus vivencias, sus encuentros y, sobre todo, su mirada \u00fanica sobre el mundo.<\/p>\n<p>En sus relatos, se puede sentir la vibrante energ\u00eda de cada destino; desde el bullicio de una ciudad hasta la serenidad de un rinc\u00f3n apartado, el autor transforma lo cotidiano en algo extraordinario. Este galard\u00f3n no solo reconoce una obra literaria, sino que tambi\u00e9n pone de relieve la importancia de narrar las experiencias personales que surgen de los viajes, aportando una voz \u00edntima a las historias que muchos so\u00f1adores comparten en silencio.<\/p>\n<p>La literatura de viajes no es simplemente un relato de paisajes; es un profundo an\u00e1lisis de la condici\u00f3n humana. A trav\u00e9s de las palabras del autor, somos testigos de las transformaciones internas que ocurren cuando nos aventuramos m\u00e1s all\u00e1 de nuestra zona de confort. Con cada nuevo destino, se despiertan preguntas sobre nuestra identidad, nuestras creencias y, en \u00faltima instancia, nuestro lugar en el vasto tejido de la humanidad.<\/p>\n<p>Este tipo de reconocimiento tambi\u00e9n ilumina el panorama literario de Colombia, un pa\u00eds lleno de narradores apasionados que est\u00e1n dispuestos a compartir sus experiencias con el mundo. A trav\u00e9s de su prosa, estos escritores no solo documentan sus viajes, sino que tambi\u00e9n invitan a otros a emprender sus propias aventuras, prometiendo que cada viaje ser\u00e1 una oportunidad para conocer no solo nuevos lugares, sino tambi\u00e9n a uno mismo.<\/p>\n<p>Al final, el premio a este talentoso escritor cordob\u00e9s es un recordatorio de que las palabras tienen el poder de viajar m\u00e1s all\u00e1 de las fronteras, conectando a las personas y las culturas. En un momento en que el mundo anhela la comprensi\u00f3n y la empat\u00eda, la literatura de viajes se presenta como un puente que une distintas realidades y perspectivas.<\/p>\n<p>As\u00ed que, mientras planeas tu pr\u00f3ximo destino, no olvides que, a trav\u00e9s de la lectura, puedes viajar sin moverte del lugar. Sum\u00e9rgete en las p\u00e1ginas de un buen libro y deja que el esp\u00edritu de aventura te lleve a lugares desconocidos, donde cada historia es un pasaporte para el alma.<\/p>\n<p><em> &#8221; Fuentes www.elheraldo.co &#8221; <\/em><\/p>\n","protected":false},"excerpt":{"rendered":"<p>La Magia de los Viajes en Palabras: Un Reconocimiento a la Literatura Viajera En un mundo interconectado, donde los viajes se han convertido en una parte integral de nuestra vida cotidiana, la literatura sobre viajes sigue teniendo un lugar especial en nuestros corazones y mentes. Este a\u00f1o, un escritor cordob\u00e9s ha logrado un destacado reconocimiento [&hellip;]<\/p>\n","protected":false},"author":4,"featured_media":1133836,"comment_status":"open","ping_status":"closed","sticky":false,"template":"","format":"standard","meta":{"om_disable_all_campaigns":false,"jnews-multi-image_gallery":[],"jnews_single_post":[],"jnews_primary_category":[],"jnews_social_meta":[],"footnotes":""},"categories":[39],"tags":[55723,2185,558,10923,662,273826,193414,2387,24413,6954,34126,273824,273825,5327,545],"class_list":["post-1133835","post","type-post","status-publish","format-standard","has-post-thumbnail","hentry","category-viajes","tag-55723","tag-arte","tag-cordoba","tag-cordobes","tag-cultura","tag-enrique-cordoba-rocha","tag-isabelle-eberhardt","tag-literatura","tag-literatura-de-viajes","tag-premio","tag-premio-internacional","tag-premio-de-literatura","tag-premio-isabelle-eberhardt","tag-reconocimiento","tag-viajes"],"_links":{"self":[{"href":"https:\/\/dimensionturistica.com\/es\/wp-json\/wp\/v2\/posts\/1133835","targetHints":{"allow":["GET"]}}],"collection":[{"href":"https:\/\/dimensionturistica.com\/es\/wp-json\/wp\/v2\/posts"}],"about":[{"href":"https:\/\/dimensionturistica.com\/es\/wp-json\/wp\/v2\/types\/post"}],"author":[{"embeddable":true,"href":"https:\/\/dimensionturistica.com\/es\/wp-json\/wp\/v2\/users\/4"}],"replies":[{"embeddable":true,"href":"https:\/\/dimensionturistica.com\/es\/wp-json\/wp\/v2\/comments?post=1133835"}],"version-history":[{"count":1,"href":"https:\/\/dimensionturistica.com\/es\/wp-json\/wp\/v2\/posts\/1133835\/revisions"}],"predecessor-version":[{"id":1133838,"href":"https:\/\/dimensionturistica.com\/es\/wp-json\/wp\/v2\/posts\/1133835\/revisions\/1133838"}],"wp:featuredmedia":[{"embeddable":true,"href":"https:\/\/dimensionturistica.com\/es\/wp-json\/wp\/v2\/media\/1133836"}],"wp:attachment":[{"href":"https:\/\/dimensionturistica.com\/es\/wp-json\/wp\/v2\/media?parent=1133835"}],"wp:term":[{"taxonomy":"category","embeddable":true,"href":"https:\/\/dimensionturistica.com\/es\/wp-json\/wp\/v2\/categories?post=1133835"},{"taxonomy":"post_tag","embeddable":true,"href":"https:\/\/dimensionturistica.com\/es\/wp-json\/wp\/v2\/tags?post=1133835"}],"curies":[{"name":"wp","href":"https:\/\/api.w.org\/{rel}","templated":true}]}}