{"id":1133815,"date":"2026-04-02T03:40:59","date_gmt":"2026-04-02T03:40:59","guid":{"rendered":"https:\/\/dimensionturistica.com\/es\/?p=1133815"},"modified":"2026-04-02T03:40:59","modified_gmt":"2026-04-02T03:40:59","slug":"descubre-la-magia-de-gran-canaria-un-paraiso-por-explorar","status":"publish","type":"post","link":"https:\/\/dimensionturistica.com\/es\/descubre-la-magia-de-gran-canaria-un-paraiso-por-explorar\/","title":{"rendered":"Descubre la Magia de Gran Canaria: Un Para\u00edso por Explorar"},"content":{"rendered":"<h3>Gran Canaria: Un Para\u00edso Sostenible<\/h3>\n<p>Gran Canaria, conocida como el continente en miniatura, sigue sorprendiendo al mundo con su compromiso hacia el turismo sostenible. Recientemente, la isla ha dado un paso significativo al unirse al movimiento internacional por la sostenibilidad, reafirmando su posici\u00f3n como un destino l\u00edder en este \u00e1mbito. <\/p>\n<p>Con un paisaje diverso que var\u00eda desde playas doradas hasta monta\u00f1as escarpadas y bosques frondosos, Gran Canaria se presenta como un lugar ideal para disfrutar de la naturaleza sin comprometer su conservaci\u00f3n. La isla ha implementado iniciativas que no solo benefician a los visitantes, sino que tambi\u00e9n ayudan a proteger su singular ecosistema. <\/p>\n<p>Una de las principales estrategias es la promoci\u00f3n de un turismo que respete y valore el entorno. Actividades como el senderismo, la observaci\u00f3n de aves y el ecoturismo est\u00e1n en auge, permitiendo a los turistas conectarse con la biodiversidad local mientras apoyan la econom\u00eda local. Los tres parques naturales de la isla, que albergan especies end\u00e9micas, son un testimonio del esfuerzo por preservar la rica herencia natural de Gran Canaria.<\/p>\n<p>Adem\u00e1s, las autoridades locales est\u00e1n trabajando en la formaci\u00f3n de empresas tur\u00edsticas para que adopten pr\u00e1cticas sostenibles, fomentando as\u00ed una cultura empresarial responsable. Esta colaboraci\u00f3n entre organismos gubernamentales y el sector privado se traduce en una oferta tur\u00edstica m\u00e1s consciente, desde alojamientos ecol\u00f3gicos hasta restaurantes que priorizan ingredientes locales y de temporada.<\/p>\n<p>A nivel cultural, Gran Canaria tambi\u00e9n est\u00e1 haciendo hincapi\u00e9 en el patrimonio y la tradici\u00f3n. Las fiestas locales y las ferias de productos aut\u00f3ctonos no solo brindan a los visitantes una agradable experiencia, sino que tambi\u00e9n fortalecen el tejido social de la comunidad. El objetivo es que los turistas se sumerjan en la cultura canaria y se lleven consigo un pedacito de la rica historia de la isla.<\/p>\n<p>Gran Canaria no solo es un destino atractivo por sus paisajes y clima, sino que ahora, m\u00e1s que nunca, se presenta como un modelo a seguir en t\u00e9rminos de responsabilidad ambiental. Viajar a esta joya del Atl\u00e1ntico no es solo una experiencia placentera, sino una oportunidad para ser parte de un movimiento hacia un futuro m\u00e1s sostenible.<\/p>\n<p>As\u00ed que, si est\u00e1s pensando en tu pr\u00f3ximo destino, considera explorar Gran Canaria. Un lugar donde la belleza natural y el compromiso social se entrelazan para crear un viaje memorable y responsable. \u00a1La aventura de tu vida te espera en cada rinc\u00f3n de esta maravillosa isla!<\/p>\n<p><em> &#8221; Sources www.grancanaria.com &#8221; <\/em><\/p>\n","protected":false},"excerpt":{"rendered":"<p>Gran Canaria: Un Para\u00edso Sostenible Gran Canaria, conocida como el continente en miniatura, sigue sorprendiendo al mundo con su compromiso hacia el turismo sostenible. Recientemente, la isla ha dado un paso significativo al unirse al movimiento internacional por la sostenibilidad, reafirmando su posici\u00f3n como un destino l\u00edder en este \u00e1mbito. Con un paisaje diverso que [&hellip;]<\/p>\n","protected":false},"author":4,"featured_media":1133816,"comment_status":"open","ping_status":"closed","sticky":false,"template":"","format":"standard","meta":{"om_disable_all_campaigns":false,"jnews-multi-image_gallery":[],"jnews_single_post":[],"jnews_primary_category":[],"jnews_social_meta":[],"footnotes":""},"categories":[40],"tags":[130008,130007,130013,13687,662,770,2924,130011,130012,743,6738,5833,130010,57560,2189,1570,130005,130006,130009,130002,130001,130004,130003,544,130000,129999,129998,1861,545],"class_list":["post-1133815","post","type-post","status-publish","format-standard","has-post-thumbnail","hentry","category-industria","tag-actualidad-turistica-canarias","tag-actualidad-turistica-grancanaria","tag-analisis-turismo-canarias","tag-aventura","tag-cultura","tag-espana","tag-estadisticas","tag-estadisticas-turisticas-canarias","tag-estadisticas-turisticas-grancanaria","tag-gastronomia","tag-gran-canaria","tag-informes","tag-informes-turisticos","tag-mercados-turisticos","tag-naturaleza","tag-playas","tag-profesionales-turismo-canarias","tag-profesionales-turisticos-grancanaria","tag-renovacion-planta-alojativa","tag-sector-turismo-canarias","tag-sector-turistico-canarias","tag-sector-turistico-gran-canaria","tag-sector-turistico-grancanaria","tag-turismo","tag-turismo-noticias-canarias","tag-turismo-noticias-gran-canaria","tag-turismo-noticias-grancanaria","tag-vacaciones","tag-viajes"],"_links":{"self":[{"href":"https:\/\/dimensionturistica.com\/es\/wp-json\/wp\/v2\/posts\/1133815","targetHints":{"allow":["GET"]}}],"collection":[{"href":"https:\/\/dimensionturistica.com\/es\/wp-json\/wp\/v2\/posts"}],"about":[{"href":"https:\/\/dimensionturistica.com\/es\/wp-json\/wp\/v2\/types\/post"}],"author":[{"embeddable":true,"href":"https:\/\/dimensionturistica.com\/es\/wp-json\/wp\/v2\/users\/4"}],"replies":[{"embeddable":true,"href":"https:\/\/dimensionturistica.com\/es\/wp-json\/wp\/v2\/comments?post=1133815"}],"version-history":[{"count":1,"href":"https:\/\/dimensionturistica.com\/es\/wp-json\/wp\/v2\/posts\/1133815\/revisions"}],"predecessor-version":[{"id":1133817,"href":"https:\/\/dimensionturistica.com\/es\/wp-json\/wp\/v2\/posts\/1133815\/revisions\/1133817"}],"wp:featuredmedia":[{"embeddable":true,"href":"https:\/\/dimensionturistica.com\/es\/wp-json\/wp\/v2\/media\/1133816"}],"wp:attachment":[{"href":"https:\/\/dimensionturistica.com\/es\/wp-json\/wp\/v2\/media?parent=1133815"}],"wp:term":[{"taxonomy":"category","embeddable":true,"href":"https:\/\/dimensionturistica.com\/es\/wp-json\/wp\/v2\/categories?post=1133815"},{"taxonomy":"post_tag","embeddable":true,"href":"https:\/\/dimensionturistica.com\/es\/wp-json\/wp\/v2\/tags?post=1133815"}],"curies":[{"name":"wp","href":"https:\/\/api.w.org\/{rel}","templated":true}]}}