{"id":1133795,"date":"2026-04-02T02:29:49","date_gmt":"2026-04-02T02:29:49","guid":{"rendered":"https:\/\/dimensionturistica.com\/es\/?p=1133795"},"modified":"2026-04-02T02:29:49","modified_gmt":"2026-04-02T02:29:49","slug":"los-cruceros-siguen-en-declive-al-comienzo-de-la-temporada","status":"publish","type":"post","link":"https:\/\/dimensionturistica.com\/es\/los-cruceros-siguen-en-declive-al-comienzo-de-la-temporada\/","title":{"rendered":"Los cruceros siguen en declive al comienzo de la temporada"},"content":{"rendered":"<h3>Un Despertar Lento: La Temporada de Cruceros en las Baleares<\/h3>\n<p>Con la llegada de la nueva temporada tur\u00edstica, las Baleares se preparan para recibir a miles de visitantes que eligen el mar como su principal v\u00eda de exploraci\u00f3n. Sin embargo, este a\u00f1o, el arranque de la temporada de cruceros se presenta con un ritmo pausado, contrastando con las expectativas de un regreso al bullicio caracter\u00edstico de estos viajes en alta mar. <\/p>\n<p>Los cruceros han sido hist\u00f3ricamente una de las columnas vertebrales del turismo en las islas, sin embargo, tras dos a\u00f1os de incertidumbre debido a la pandemia, la recuperaci\u00f3n muestra se\u00f1ales desiguales. Seg\u00fan las \u00faltimas cifras, la llegada de cruceros est\u00e1 muy por debajo de los niveles prepandemia, lo que plantea interrogantes sobre el futuro inmediato de este sector.<\/p>\n<p>Las autoridades portuarias y los responsables de turismo se muestran optimistas, aunque cautelosos. A medida que las restricciones se levantan y la vacunaci\u00f3n avanza, algunos cruceros s\u00ed han comenzado a operar, pero las cifras son a\u00fan insuficientes para considerarlo un retorno a la normalidad. La inseguridad que persiste entre los turistas a la hora de embarcarse en largos viajes en barco es palpable, reflejando una tendencia que merece atenci\u00f3n.<\/p>\n<p>Para los amantes del turismo mar\u00edtimo, hay buenas noticias en el horizonte. Varios itinerarios est\u00e1n programados para ofrecer paradas en islas como Mallorca, Menorca e Ibiza, lugares que ofrecen paisajes id\u00edlicos y cultura vibrante. Sin embargo, los puertos, que despiertan grandes expectativas, se enfrentan al desaf\u00edo de reiniciar operaciones mientras aseguran la salud y seguridad de los pasajeros.<\/p>\n<p>Las diversas empresas de cruceros est\u00e1n ajustando sus ofertas, enfoc\u00e1ndose en mejorar la experiencia del usuario. Esto incluye protocolos de salud m\u00e1s estrictos y rutas optimizadas que buscan minimizar el riesgo. Aun as\u00ed, el esp\u00edritu de aventura que une a los cruceristas sigue intacto, con muchas personas deseando redescubrir la belleza de las islas desde el mar.<\/p>\n<p>La industria quiere ofrecer a los turistas no solo una traves\u00eda agradable, sino tambi\u00e9n enriquecedora, integrando itinerarios que fomenten colaboraciones con negocios locales y permitan a los visitantes sumergirse en la cultura isle\u00f1a. Este enfoque podr\u00eda ser clave para revitalizar el sector, ofreciendo una experiencia m\u00e1s sostenible y aut\u00e9ntica.<\/p>\n<p>En conclusi\u00f3n, aunque la temporada de cruceros en las Baleares ha comenzado de manera timorata, las expectativas est\u00e1n puestas en un futuro m\u00e1s prometedor. La resiliencia de las islas y la adaptabilidad de las empresas del sector son esperanzas que podr\u00edan reavivar la pasi\u00f3n por los cruceros, permitiendo as\u00ed que el mar vuelva a ser puerta de entrada a un mundo lleno de maravillas. Al fin y al cabo, para muchos, no hay nada como sentir la brisa marina mientras navegan hacia su pr\u00f3ximo destino.<\/p>\n<p><em> &#8221; Fuentes www.ultimahora.es &#8221; <\/em><\/p>\n","protected":false},"excerpt":{"rendered":"<p>Un Despertar Lento: La Temporada de Cruceros en las Baleares Con la llegada de la nueva temporada tur\u00edstica, las Baleares se preparan para recibir a miles de visitantes que eligen el mar como su principal v\u00eda de exploraci\u00f3n. Sin embargo, este a\u00f1o, el arranque de la temporada de cruceros se presenta con un ritmo pausado, [&hellip;]<\/p>\n","protected":false},"author":4,"featured_media":1133796,"comment_status":"open","ping_status":"closed","sticky":false,"template":"","format":"standard","meta":{"om_disable_all_campaigns":false,"jnews-multi-image_gallery":[],"jnews_single_post":[],"jnews_primary_category":[],"jnews_social_meta":[],"footnotes":""},"categories":[41],"tags":[38933,543,48693,5112,715,125313,686,7201,3778,964,544,7054,706,2144,545],"class_list":["post-1133795","post","type-post","status-publish","format-standard","has-post-thumbnail","hentry","category-cruceros","tag-autoridad-portuaria-de-baleares","tag-cruceros","tag-cruceros-en-palma","tag-descenso","tag-economia","tag-industria-naviera","tag-local","tag-palma","tag-palma-de-mallorca","tag-temporada","tag-turismo","tag-turismo-en-mallorca","tag-ultima-hora","tag-ultimas-noticias","tag-viajes"],"_links":{"self":[{"href":"https:\/\/dimensionturistica.com\/es\/wp-json\/wp\/v2\/posts\/1133795","targetHints":{"allow":["GET"]}}],"collection":[{"href":"https:\/\/dimensionturistica.com\/es\/wp-json\/wp\/v2\/posts"}],"about":[{"href":"https:\/\/dimensionturistica.com\/es\/wp-json\/wp\/v2\/types\/post"}],"author":[{"embeddable":true,"href":"https:\/\/dimensionturistica.com\/es\/wp-json\/wp\/v2\/users\/4"}],"replies":[{"embeddable":true,"href":"https:\/\/dimensionturistica.com\/es\/wp-json\/wp\/v2\/comments?post=1133795"}],"version-history":[{"count":1,"href":"https:\/\/dimensionturistica.com\/es\/wp-json\/wp\/v2\/posts\/1133795\/revisions"}],"predecessor-version":[{"id":1133797,"href":"https:\/\/dimensionturistica.com\/es\/wp-json\/wp\/v2\/posts\/1133795\/revisions\/1133797"}],"wp:featuredmedia":[{"embeddable":true,"href":"https:\/\/dimensionturistica.com\/es\/wp-json\/wp\/v2\/media\/1133796"}],"wp:attachment":[{"href":"https:\/\/dimensionturistica.com\/es\/wp-json\/wp\/v2\/media?parent=1133795"}],"wp:term":[{"taxonomy":"category","embeddable":true,"href":"https:\/\/dimensionturistica.com\/es\/wp-json\/wp\/v2\/categories?post=1133795"},{"taxonomy":"post_tag","embeddable":true,"href":"https:\/\/dimensionturistica.com\/es\/wp-json\/wp\/v2\/tags?post=1133795"}],"curies":[{"name":"wp","href":"https:\/\/api.w.org\/{rel}","templated":true}]}}