{"id":1133772,"date":"2026-04-02T01:11:18","date_gmt":"2026-04-02T01:11:18","guid":{"rendered":"https:\/\/dimensionturistica.com\/es\/?p=1133772"},"modified":"2026-04-02T01:11:18","modified_gmt":"2026-04-02T01:11:18","slug":"quito-despliega-1200-oficiales-de-trafico-durante-las-festividades-de-semana-santa","status":"publish","type":"post","link":"https:\/\/dimensionturistica.com\/es\/quito-despliega-1200-oficiales-de-trafico-durante-las-festividades-de-semana-santa\/","title":{"rendered":"Quito despliega 1,200 oficiales de tr\u00e1fico durante las festividades de Semana Santa."},"content":{"rendered":"<p><strong>Quito: Una bienvenida segura para los visitantes durante la Semana Santa<\/strong><\/p>\n<p>La Semana Santa en Quito se ha convertido en un momento de celebraci\u00f3n y religiosidad, atrayendo a miles de turistas que desean experimentar las tradiciones y costumbres de la capital ecuatoriana. Este a\u00f1o, el gobierno local ha tomado medidas excepcionales para garantizar la seguridad y el bienestar de los visitantes. M\u00e1s de 1,200 agentes de tr\u00e1nsito estar\u00e1n desplegados en toda la ciudad, asegurando que el movimiento sea \u00e1gil y seguro.<\/p>\n<p>La disposici\u00f3n de estos agentes tiene como objetivo minimizar los problemas de congesti\u00f3n vehicular y garantizar un flujo adecuado en las principales v\u00edas de acceso a los templos y puntos de inter\u00e9s tur\u00edstico. Los visitantes podr\u00e1n disfrutar de las festividades sin preocuparse por el tr\u00e1fico, una preocupaci\u00f3n com\u00fan en esta \u00e9poca del a\u00f1o.<\/p>\n<p>Adem\u00e1s de esta iniciativa de seguridad, Quito tiene mucho que ofrecer durante la Semana Santa. Con su imponente arquitectura colonial, calles empedradas y un ambiente cultural vibrante, la ciudad se transforma en un escenario perfecto para la celebraci\u00f3n de los rituales. La procesi\u00f3n del Jueves Santo, por ejemplo, es un evento que no querr\u00e1s perderte, donde la devoci\u00f3n y la m\u00fasica se entrelazan en un espect\u00e1culo \u00fanico.<\/p>\n<p>La gastronom\u00eda tambi\u00e9n juega un papel fundamental. Aprovecha la oportunidad para degustar platos t\u00edpicos como el fanesca, un guiso tradicional que se sirve en esta \u00e9poca y que es todo un s\u00edmbolo de la culinaria ecuatoriana. Los mercados locales est\u00e1n repletos de opciones para deleitar tu paladar y llevarte un pedacito de Quito contigo.<\/p>\n<p>Para quienes prefieren explorar m\u00e1s all\u00e1 del \u00e1mbito religioso, el centro hist\u00f3rico de Quito, declarado Patrimonio de la Humanidad por la UNESCO, ofrece una variedad de museos, plazas y espacios culturales que enriquecen la experiencia del visitante. No olvides visitar el emblem\u00e1tico Panecillo, desde donde podr\u00e1s obtener una vista panor\u00e1mica de la ciudad, que te dejar\u00e1 maravillado.<\/p>\n<p>El panorama tur\u00edstico de la ciudad se complementa con una oferta de actividades al aire libre y excursiones, pues los alrededores de Quito est\u00e1n repletos de impresionantes paisajes. Desde senderismos hasta paseos en bicicleta, hay opciones para todos los gustos.<\/p>\n<p>En conclusi\u00f3n, si planeas visitar Quito durante la Semana Santa, puedes estar seguro de que no solo encontrar\u00e1s un ambiente de fervor religioso, sino tambi\u00e9n una ciudad que se preocupa por la seguridad de sus visitantes. Con una variedad de actividades y recursos a tu alcance, la capital ecuatoriana te espera con los brazos abiertos, lista para ofrecerte una experiencia inolvidable. No te pierdas la oportunidad de ser parte de esta rica mezcla de tradici\u00f3n, cultura y sabor en uno de los destinos m\u00e1s cautivadores de Sudam\u00e9rica.<\/p>\n<p><em> &#8221; Sources www.eldiario.ec &#8221; <\/em><\/p>\n","protected":false},"excerpt":{"rendered":"<p>Quito: Una bienvenida segura para los visitantes durante la Semana Santa La Semana Santa en Quito se ha convertido en un momento de celebraci\u00f3n y religiosidad, atrayendo a miles de turistas que desean experimentar las tradiciones y costumbres de la capital ecuatoriana. Este a\u00f1o, el gobierno local ha tomado medidas excepcionales para garantizar la seguridad [&hellip;]<\/p>\n","protected":false},"author":4,"featured_media":1133773,"comment_status":"open","ping_status":"closed","sticky":false,"template":"","format":"standard","meta":{"om_disable_all_campaigns":false,"jnews-multi-image_gallery":[],"jnews_single_post":[],"jnews_primary_category":[],"jnews_social_meta":[],"footnotes":""},"categories":[40],"tags":[1765,11045,67123,250852,2143,273814,17602,273813,103644,1625,13819,2946],"class_list":["post-1133772","post","type-post","status-publish","format-standard","has-post-thumbnail","hentry","category-industria","tag-1765","tag-11045","tag-agentes-de-transito","tag-control-de-trafico","tag-ecuador","tag-feriado-nacional","tag-movilidad-urbana","tag-movilizacion-semana-santa","tag-operativo-de-seguridad","tag-quito","tag-seguridad-vial","tag-semana-santa"],"_links":{"self":[{"href":"https:\/\/dimensionturistica.com\/es\/wp-json\/wp\/v2\/posts\/1133772","targetHints":{"allow":["GET"]}}],"collection":[{"href":"https:\/\/dimensionturistica.com\/es\/wp-json\/wp\/v2\/posts"}],"about":[{"href":"https:\/\/dimensionturistica.com\/es\/wp-json\/wp\/v2\/types\/post"}],"author":[{"embeddable":true,"href":"https:\/\/dimensionturistica.com\/es\/wp-json\/wp\/v2\/users\/4"}],"replies":[{"embeddable":true,"href":"https:\/\/dimensionturistica.com\/es\/wp-json\/wp\/v2\/comments?post=1133772"}],"version-history":[{"count":1,"href":"https:\/\/dimensionturistica.com\/es\/wp-json\/wp\/v2\/posts\/1133772\/revisions"}],"predecessor-version":[{"id":1133774,"href":"https:\/\/dimensionturistica.com\/es\/wp-json\/wp\/v2\/posts\/1133772\/revisions\/1133774"}],"wp:featuredmedia":[{"embeddable":true,"href":"https:\/\/dimensionturistica.com\/es\/wp-json\/wp\/v2\/media\/1133773"}],"wp:attachment":[{"href":"https:\/\/dimensionturistica.com\/es\/wp-json\/wp\/v2\/media?parent=1133772"}],"wp:term":[{"taxonomy":"category","embeddable":true,"href":"https:\/\/dimensionturistica.com\/es\/wp-json\/wp\/v2\/categories?post=1133772"},{"taxonomy":"post_tag","embeddable":true,"href":"https:\/\/dimensionturistica.com\/es\/wp-json\/wp\/v2\/tags?post=1133772"}],"curies":[{"name":"wp","href":"https:\/\/api.w.org\/{rel}","templated":true}]}}