{"id":1133572,"date":"2026-04-01T17:51:52","date_gmt":"2026-04-01T17:51:52","guid":{"rendered":"https:\/\/dimensionturistica.com\/es\/?p=1133572"},"modified":"2026-04-01T17:51:52","modified_gmt":"2026-04-01T17:51:52","slug":"presentacion-de-la-coleccion-otono-2026-pret-a-porter-de-maison-margiela","status":"publish","type":"post","link":"https:\/\/dimensionturistica.com\/es\/presentacion-de-la-coleccion-otono-2026-pret-a-porter-de-maison-margiela\/","title":{"rendered":"Presentaci\u00f3n de la Colecci\u00f3n Oto\u00f1o 2026 Pr\u00eat-\u00e0-Porter de Maison Margiela"},"content":{"rendered":"<h3>Maison Martin Margiela: Un Eco de Innovaci\u00f3n en la Pasarela Oto\u00f1o-Invierno 2026<\/h3>\n<p>El mundo de la moda siempre se mueve entre la est\u00e9tica y la vanguardia, y la \u00faltima colecci\u00f3n de Maison Martin Margiela para el Oto\u00f1o-Invierno 2026 ha vuelto a demostrar que esta maison francesa es un baluarte de la creatividad audaz. En un desfile que transgredi\u00f3 los l\u00edmites de lo convencional, los asistentes se encontraron inmersos en una experiencia sensorial que fusion\u00f3 arte, moda y cr\u00edtica social.<\/p>\n<h4>La Pasarela como Lienzo<\/h4>\n<p>Desde el inicio, la pasarela se transform\u00f3 en un lienzo donde la innovaci\u00f3n se pudo apreciar en cada detalle. Los dise\u00f1os presentaron siluetas inesperadas, atributos que desaf\u00edan las normas tradicionales del vestuario. La influencia del arte contempor\u00e1neo fue palpable, y los looks gesticulaban un di\u00e1logo constante entre la fragilidad y la fuerza, llevando a los espectadores a una reflexi\u00f3n sobre la identidad en la moda actual.<\/p>\n<h4>Texturas que Cuentan Historias<\/h4>\n<p>Uno de los elementos m\u00e1s llamativos fue el uso de textiles de gran complejidad. Con una paleta que oscilaba entre tonos neutros y acentos vibrantes, cada pieza parec\u00eda contar una historia \u00fanica. La mezcla de materiales no solo enalteci\u00f3 la est\u00e9tica del mostrar, sino que tambi\u00e9n desafi\u00f3 la percepci\u00f3n del consumidor sobre el valor y la durabilidad de la moda. Los drapeados, bordados, y capas construidas meticulosamente ofrecieron un atractivo visual que atrap\u00f3 la mirada.<\/p>\n<h4>Accesorios que Impactan<\/h4>\n<p>Los accesorios no se quedaron atr\u00e1s. Complementando las looks, los elementos fueron dise\u00f1ados para ser protagonistas por derecho propio. Desde calzado que juega con la forma y que explora nuevas alturas hasta bolsas que reinterpretan la funcionalidad, la colecci\u00f3n se entreg\u00f3 a la exploraci\u00f3n de un concepto m\u00e1s all\u00e1 de lo meramente utilitario. Cada pieza invit\u00f3 a los asistentes a imaginar su uso en el futuro cercano.<\/p>\n<h4>El Mensaje de la Sostenibilidad<\/h4>\n<p>Un hilo conductor a lo largo del desfile fue la creciente importancia de la sostenibilidad en la moda. Maison Martin Margiela lanz\u00f3 un llamado claro: la moda puede y debe evolucionar sin dejar una huella negativa en el planeta. Las iniciativas de reciclaje y el uso de materiales eco-amigables resonaron en el aire, mostrando que la alta costura y la responsabilidad ambiental pueden coexistir arm\u00f3nicamente.<\/p>\n<h4>La Inclusividad en la Presentaci\u00f3n<\/h4>\n<p>La diversidad fue fundamental en la presentaci\u00f3n, reflejando una visi\u00f3n de la moda que trasciende categor\u00edas y est\u00e1ndares de belleza. Models de diferentes etnias, g\u00e9neros y tallas desfilaron con poise, reafirmando el compromiso de la marca por la inclusi\u00f3n. Este enfoque no solo redefini\u00f3 la forma en que se perciben las pasarelas, sino que tambi\u00e9n puso de manifiesto el deseo de la maison de ser una fuerza transformadora en la industria.<\/p>\n<h3>Una Experiencia que Trasciende<\/h3>\n<p>La colecci\u00f3n de Maison Martin Margiela no fue solo un despliegue de prendas; fue una experiencia inmersiva que captur\u00f3 la esencia del momento cultural actual. Los asistentes salieron de la pasarela con una nueva perspectiva sobre lo que la moda puede significar, no solo como una forma de expresi\u00f3n individual, sino como un reflejo de nuestra realidad colectiva.<\/p>\n<p>A medida que el eco de este desfile resuena en redes sociales y plataformas digitales, queda claro que la maison contin\u00faa siendo un faro de inspiraci\u00f3n, empujando los l\u00edmites hacia un futuro en la moda donde la creatividad y la \u00e9tica caminan de la mano. Esta colecci\u00f3n ha dejado una huella indeleble en el calendario de la moda, y su impacto solo est\u00e1 comenzando a sentirse. La invitaci\u00f3n est\u00e1 hecha: el futuro de la moda es brillante, diverso y, sobre todo, consciente.<\/p>\n<p><em> &#8221; Fuentes www.vogue.com &#8221; <\/em><\/p>\n","protected":false},"excerpt":{"rendered":"<p>Maison Martin Margiela: Un Eco de Innovaci\u00f3n en la Pasarela Oto\u00f1o-Invierno 2026 El mundo de la moda siempre se mueve entre la est\u00e9tica y la vanguardia, y la \u00faltima colecci\u00f3n de Maison Martin Margiela para el Oto\u00f1o-Invierno 2026 ha vuelto a demostrar que esta maison francesa es un baluarte de la creatividad audaz. En un [&hellip;]<\/p>\n","protected":false},"author":14,"featured_media":1133573,"comment_status":"open","ping_status":"closed","sticky":false,"template":"","format":"standard","meta":{"om_disable_all_campaigns":false,"jnews-multi-image_gallery":[],"jnews_single_post":[],"jnews_primary_category":[],"jnews_social_meta":[],"footnotes":""},"categories":[144872],"tags":[18839,253544,263769,166,192704,201298,206519,160469,94447,200339,372,53061],"class_list":["post-1133572","post","type-post","status-publish","format-standard","has-post-thumbnail","hentry","category-fashion","tag-collection","tag-fall-2026","tag-fall-2026-ready-to-wear","tag-fashion","tag-haute-couture","tag-luxury-fashion","tag-maison-margiela","tag-ready-to-wear","tag-runway","tag-runway_review","tag-style","tag-trend"],"_links":{"self":[{"href":"https:\/\/dimensionturistica.com\/es\/wp-json\/wp\/v2\/posts\/1133572","targetHints":{"allow":["GET"]}}],"collection":[{"href":"https:\/\/dimensionturistica.com\/es\/wp-json\/wp\/v2\/posts"}],"about":[{"href":"https:\/\/dimensionturistica.com\/es\/wp-json\/wp\/v2\/types\/post"}],"author":[{"embeddable":true,"href":"https:\/\/dimensionturistica.com\/es\/wp-json\/wp\/v2\/users\/14"}],"replies":[{"embeddable":true,"href":"https:\/\/dimensionturistica.com\/es\/wp-json\/wp\/v2\/comments?post=1133572"}],"version-history":[{"count":1,"href":"https:\/\/dimensionturistica.com\/es\/wp-json\/wp\/v2\/posts\/1133572\/revisions"}],"predecessor-version":[{"id":1133574,"href":"https:\/\/dimensionturistica.com\/es\/wp-json\/wp\/v2\/posts\/1133572\/revisions\/1133574"}],"wp:featuredmedia":[{"embeddable":true,"href":"https:\/\/dimensionturistica.com\/es\/wp-json\/wp\/v2\/media\/1133573"}],"wp:attachment":[{"href":"https:\/\/dimensionturistica.com\/es\/wp-json\/wp\/v2\/media?parent=1133572"}],"wp:term":[{"taxonomy":"category","embeddable":true,"href":"https:\/\/dimensionturistica.com\/es\/wp-json\/wp\/v2\/categories?post=1133572"},{"taxonomy":"post_tag","embeddable":true,"href":"https:\/\/dimensionturistica.com\/es\/wp-json\/wp\/v2\/tags?post=1133572"}],"curies":[{"name":"wp","href":"https:\/\/api.w.org\/{rel}","templated":true}]}}