{"id":1133492,"date":"2026-04-01T15:00:56","date_gmt":"2026-04-01T15:00:56","guid":{"rendered":"https:\/\/dimensionturistica.com\/es\/?p=1133492"},"modified":"2026-04-01T15:00:56","modified_gmt":"2026-04-01T15:00:56","slug":"la-isla-asiste-a-conferencias-profesionales-en-canada-para-fomentar-el-turismo","status":"publish","type":"post","link":"https:\/\/dimensionturistica.com\/es\/la-isla-asiste-a-conferencias-profesionales-en-canada-para-fomentar-el-turismo\/","title":{"rendered":"La isla asiste a conferencias profesionales en Canad\u00e1 para fomentar el turismo."},"content":{"rendered":"<h3>Ibiza: Un Destino en Expansi\u00f3n hacia Canad\u00e1<\/h3>\n<p>Ibiza, esa joya del Mediterr\u00e1neo conocida por sus playas paradis\u00edacas y su vibrante vida nocturna, est\u00e1 dando un paso audaz hacia el norte. En un esfuerzo por diversificar su mercado tur\u00edstico y atraer a nuevos visitantes, la isla comienza a abrirse a Canad\u00e1, un pa\u00eds que, hasta ahora, ha sido poco explorado en el contexto tur\u00edstico ibicenco.<\/p>\n<h4>El Encanto de Ibiza: M\u00e1s All\u00e1 del Verano<\/h4>\n<p>A menudo asociada con el verano, las fiestas y la m\u00fasica electr\u00f3nica, Ibiza tiene mucho m\u00e1s que ofrecer. Su rica historia, paisajes naturales impresionantes y gastronom\u00eda aut\u00f3ctona son solo algunas de las experiencias que atraen a viajeros de todo el mundo. Ahora, al volverse m\u00e1s accesible para los canadienses, se espera que la isla se presente como un destino m\u00e1s robusto y diverso.<\/p>\n<p>El enfoque en Canada se debe, en gran medida, a la creciente demanda de los turistas canadienses por explorar lugares diferentes. La conexi\u00f3n emocional que muchos canadienses tienen con el Mediterr\u00e1neo es un punto estrat\u00e9gico que Ibiza busca capitalizar mediante una serie de iniciativas promocionales.<\/p>\n<h4>Creciendo Juntos: Estrategias de Promoci\u00f3n<\/h4>\n<p>Las autoridades tur\u00edsticas de Ibiza est\u00e1n trabajando en colaboraci\u00f3n con sus hom\u00f3logos canadienses para dise\u00f1ar campa\u00f1as espec\u00edficas que resalten lo que la isla tiene para ofrecer. Desde la promoci\u00f3n de festivales culturales hasta paquetes tur\u00edsticos que incluyan experiencias gastron\u00f3micas y excursiones en la naturaleza, el objetivo es atraer a un p\u00fablico que busca algo m\u00e1s que el t\u00edpico turismo de sol y playa.<\/p>\n<p>Los vuelos directos y las asociaciones con aerol\u00edneas canadiense facilitar\u00e1n la llegada de turistas que, adem\u00e1s de disfrutar de unas vacaciones de ensue\u00f1o, tendr\u00e1n la posibilidad de sumergirse en la cultura ibicenca. Esta nueva apertura no solo beneficiar\u00e1 a la econom\u00eda local, sino que tambi\u00e9n permitir\u00e1 que los visitantes vivan la isla desde una perspectiva \u00fanica.<\/p>\n<h4>Tasas Ambientales y Sostenibilidad<\/h4>\n<p>Con el crecimiento del turismo a menudo surge la preocupaci\u00f3n por el impacto ambiental. Ibiza ha demostrado ser consciente de este compromiso, implementando tasas que ayuden a regular y gestionar el flujo de visitantes. Estas medidas, destinadas a preservar la riqueza natural de la isla, son atractivas para los turistas responsables que valoran la sostenibilidad en sus viajes.<\/p>\n<p>Los proyectos de conservaci\u00f3n y el fomento del ecoturismo tambi\u00e9n son parte integral del plan. A trav\u00e9s de rutas de senderismo, actividades acu\u00e1ticas sostenibles y programas de educaci\u00f3n ambiental, los turistas canadienses podr\u00e1n disfrutar de Ibiza mientras contribuyen a su preservaci\u00f3n.<\/p>\n<h4>La Experiencia Ibicenca: M\u00e1s que un Destino<\/h4>\n<p>Desde la magia de sus atardeceres en el Caf\u00e9 del Mar hasta la exploraci\u00f3n de sus calas escondidas, Ibiza ofrece una experiencia inolvidable. Los nuevos visitantes canadienses tendr\u00e1n la oportunidad de descubrir su lado m\u00e1s aut\u00e9ntico, donde la comunidad local, la tradici\u00f3n y la modernidad se entrelazan en un vibrante mosaico cultural.<\/p>\n<p>Los eventos que destacan en el calendario, como ferias de artesan\u00eda y festivales gastron\u00f3micos, tambi\u00e9n ser\u00e1n una puerta de entrada para los canadienses, d\u00e1ndoles la oportunidad de interactuar con la isla y sus habitantes de una forma m\u00e1s profunda.<\/p>\n<h4>Conclusi\u00f3n<\/h4>\n<p>Ibiza est\u00e1 lista para brillar en el horizonte canadiense, ofreciendo a los nuevos turistas una experiencia rica en cultura, historia y naturaleza. En este cruce de caminos entre la tradici\u00f3n y la modernidad, la isla se asegura de que sus puertas est\u00e9n abiertas, no solo como un destino tur\u00edstico, sino como un lugar donde las conexiones humanas y culturales florecen.<\/p>\n<p>La expansi\u00f3n hacia Canad\u00e1 es m\u00e1s que una estrategia comercial; es una invitaci\u00f3n a descubrir Ibiza en toda su complejidad, un lugar donde cada visita es una historia que se cuenta a trav\u00e9s de los sentidos. Con esta nueva fase, la isla se convierte en un puente entre culturas, uniendo almas aventureras en la b\u00fasqueda de lo aut\u00e9ntico.<\/p>\n<p><em> &#8221; Sources www.diariodeibiza.es &#8221; <\/em><\/p>\n","protected":false},"excerpt":{"rendered":"<p>Ibiza: Un Destino en Expansi\u00f3n hacia Canad\u00e1 Ibiza, esa joya del Mediterr\u00e1neo conocida por sus playas paradis\u00edacas y su vibrante vida nocturna, est\u00e1 dando un paso audaz hacia el norte. En un esfuerzo por diversificar su mercado tur\u00edstico y atraer a nuevos visitantes, la isla comienza a abrirse a Canad\u00e1, un pa\u00eds que, hasta ahora, [&hellip;]<\/p>\n","protected":false},"author":4,"featured_media":1133493,"comment_status":"open","ping_status":"closed","sticky":false,"template":"","format":"standard","meta":{"om_disable_all_campaigns":false,"jnews-multi-image_gallery":[],"jnews_single_post":[],"jnews_primary_category":[],"jnews_social_meta":[],"footnotes":""},"categories":[40],"tags":[24608,72,1607,724,17942,5441,169139,43372,47502,3067,544,545],"class_list":["post-1133492","post","type-post","status-publish","format-standard","has-post-thumbnail","hentry","category-industria","tag-abrirse","tag-canada","tag-desarrollo","tag-eventos","tag-hueco","tag-ibiza","tag-impulso-turistico","tag-jornadas-profesionales","tag-la-isla","tag-promocion-turistica","tag-turismo","tag-viajes"],"_links":{"self":[{"href":"https:\/\/dimensionturistica.com\/es\/wp-json\/wp\/v2\/posts\/1133492","targetHints":{"allow":["GET"]}}],"collection":[{"href":"https:\/\/dimensionturistica.com\/es\/wp-json\/wp\/v2\/posts"}],"about":[{"href":"https:\/\/dimensionturistica.com\/es\/wp-json\/wp\/v2\/types\/post"}],"author":[{"embeddable":true,"href":"https:\/\/dimensionturistica.com\/es\/wp-json\/wp\/v2\/users\/4"}],"replies":[{"embeddable":true,"href":"https:\/\/dimensionturistica.com\/es\/wp-json\/wp\/v2\/comments?post=1133492"}],"version-history":[{"count":1,"href":"https:\/\/dimensionturistica.com\/es\/wp-json\/wp\/v2\/posts\/1133492\/revisions"}],"predecessor-version":[{"id":1133494,"href":"https:\/\/dimensionturistica.com\/es\/wp-json\/wp\/v2\/posts\/1133492\/revisions\/1133494"}],"wp:featuredmedia":[{"embeddable":true,"href":"https:\/\/dimensionturistica.com\/es\/wp-json\/wp\/v2\/media\/1133493"}],"wp:attachment":[{"href":"https:\/\/dimensionturistica.com\/es\/wp-json\/wp\/v2\/media?parent=1133492"}],"wp:term":[{"taxonomy":"category","embeddable":true,"href":"https:\/\/dimensionturistica.com\/es\/wp-json\/wp\/v2\/categories?post=1133492"},{"taxonomy":"post_tag","embeddable":true,"href":"https:\/\/dimensionturistica.com\/es\/wp-json\/wp\/v2\/tags?post=1133492"}],"curies":[{"name":"wp","href":"https:\/\/api.w.org\/{rel}","templated":true}]}}