{"id":1133478,"date":"2026-04-01T14:27:22","date_gmt":"2026-04-01T14:27:22","guid":{"rendered":"https:\/\/dimensionturistica.com\/es\/?p=1133478"},"modified":"2026-04-01T14:27:22","modified_gmt":"2026-04-01T14:27:22","slug":"coleccion-otono-2026-de-carlota-barrera-una-exploracion-de-la-elegancia-espanola","status":"publish","type":"post","link":"https:\/\/dimensionturistica.com\/es\/coleccion-otono-2026-de-carlota-barrera-una-exploracion-de-la-elegancia-espanola\/","title":{"rendered":"Colecci\u00f3n Oto\u00f1o 2026 de Carlota Barrera: Una Exploraci\u00f3n de la Elegancia Espa\u00f1ola"},"content":{"rendered":"<h3>El Renacer del Estilo: Carlota Barrera en la Pasarela Oto\u00f1o 2026<\/h3>\n<p>La pasarela de la moda siempre ha sido un escenario de innovaci\u00f3n y creatividad, y la colecci\u00f3n presentada por Carlota Barrera para Oto\u00f1o 2026 es un claro reflejo de esto. La dise\u00f1adora, conocida por su enfoque audaz y su habilidad para desafiar las normas, brill\u00f3 con una propuesta que cautiv\u00f3 a todos los presentes y reafirm\u00f3 su posici\u00f3n como una de las voces m\u00e1s influentes de la moda contempor\u00e1nea.<\/p>\n<h4>Una Paleta de Colores Elegante y Sorprendente<\/h4>\n<p>La colecci\u00f3n se destac\u00f3 por su paleta de colores cuidadosamente seleccionada. Lo que inicialmente podr\u00eda parecer una simple combinaci\u00f3n se transform\u00f3 en un juego visual vibrante. Barrera opt\u00f3 por tonos terracota y azul profundo, evocando la calidez del oto\u00f1o mientras rend\u00eda homenaje a la tradici\u00f3n cultural espa\u00f1ola. Esta elecci\u00f3n no solo acentu\u00f3 la elegancia de cada prenda, sino que tambi\u00e9n narr\u00f3 una historia de ra\u00edces y modernidad.<\/p>\n<h4>Texturas que Hablan<\/h4>\n<p>Una de las caracter\u00edsticas m\u00e1s notables de la propuesta fue el uso de texturas. Cada pieza de la colecci\u00f3n incorpor\u00f3 materiales innovadores que no solo capturaron la luz de manera espectacular, sino que tambi\u00e9n brindaron una sensaci\u00f3n t\u00e1ctil \u00fanica. Las combinaciones de tejidos pesados con elementos m\u00e1s ligeros crearon un contraste fascinante, lo que permiti\u00f3 que cada modelo se moviera con una fluidez encantadora.<\/p>\n<h4>Siluetas que Redefinen<\/h4>\n<p>Las siluetas presentadas en esta colecci\u00f3n desafiaron las convenciones tradicionales de la moda femenina. Carlota Barrera present\u00f3 una variedad de formas que jugaron con la idea de la feminidad sin caer en estereotipos. Vestidos asim\u00e9tricos y pantalones estructurados se mezclaron en un equilibrio cuidadosamente orquestado, ofreciendo opciones para la mujer moderna que busca versatilidad y estilo en su guardarropa.<\/p>\n<h4>Un Llamado a la Inclusividad<\/h4>\n<p>Adem\u00e1s de las propuestas est\u00e9ticas, la presentaci\u00f3n subray\u00f3 un compromiso con la inclusividad. Modelos de diversas etnias, cuerpos y edades desfilaron con gracia y confianza, subrayando que la moda debe ser un reflejo de la diversidad de la sociedad actual. Esta decisi\u00f3n no solo ampli\u00f3 la definici\u00f3n de belleza, sino que tambi\u00e9n reson\u00f3 en el coraz\u00f3n de una audiencia que busca autenticidad en el mundo de la moda.<\/p>\n<h4>Accesorios que Marcan la Diferencia<\/h4>\n<p>Los accesorios, cada uno meticulosamente dise\u00f1ados, complementaron las prendas de manera magistral. Collares y pulseras se entrelazaron con las vestimentas, creando un lenguaje visual que elevaba la est\u00e9tica general de la colecci\u00f3n. Sin duda, estos detalles fueron el toque final que consolid\u00f3 el enfoque en un estilo hol\u00edstico, donde cada elemento cuenta.<\/p>\n<h3>Conclusi\u00f3n: Una Mirada Hacia el Futuro<\/h3>\n<p>La colecci\u00f3n Oto\u00f1o 2026 de Carlota Barrera es m\u00e1s que una simple exhibici\u00f3n de moda; es una declaraci\u00f3n audaz que invita a la reflexi\u00f3n. A medida que el mundo de la moda evoluciona, es esencial que voces como la de Barrera contin\u00faen desafiando y redefiniendo lo que entendemos por estilo. Con una visi\u00f3n clara y un compromiso con la inclusi\u00f3n y la innovaci\u00f3n, Carlota Barrera se posiciona como una figura que no solo seguir\u00e1 marcando tendencias, sino que tambi\u00e9n inspirar\u00e1 a futuras generaciones de dise\u00f1adores. <\/p>\n<p>La elegancia de su propuesta resonar\u00e1 mucho m\u00e1s all\u00e1 de la pasarela, impactando en un p\u00fablico ansioso por ver una moda que celebre la diversidad y la autenticidad. La colecci\u00f3n ha dejado una huella imborrable en el panorama de la moda, ofreciendo un vistazo fresco y emocionante del futuro que est\u00e1 por venir.<\/p>\n<p><em> &#8221; Fuentes www.vogue.com &#8221; <\/em><\/p>\n","protected":false},"excerpt":{"rendered":"<p>El Renacer del Estilo: Carlota Barrera en la Pasarela Oto\u00f1o 2026 La pasarela de la moda siempre ha sido un escenario de innovaci\u00f3n y creatividad, y la colecci\u00f3n presentada por Carlota Barrera para Oto\u00f1o 2026 es un claro reflejo de esto. La dise\u00f1adora, conocida por su enfoque audaz y su habilidad para desafiar las normas, [&hellip;]<\/p>\n","protected":false},"author":14,"featured_media":1133479,"comment_status":"open","ping_status":"closed","sticky":false,"template":"","format":"standard","meta":{"om_disable_all_campaigns":false,"jnews-multi-image_gallery":[],"jnews_single_post":[],"jnews_primary_category":[],"jnews_social_meta":[],"footnotes":""},"categories":[144872],"tags":[130092,225947,80520,18839,29821,89166,253544,166,192704,94447,200339,8531,271887,372,6194],"class_list":["post-1133478","post","type-post","status-publish","format-standard","has-post-thumbnail","hentry","category-fashion","tag-apparel","tag-carlota-barrera","tag-clothing","tag-collection","tag-design","tag-designer","tag-fall-2026","tag-fashion","tag-haute-couture","tag-runway","tag-runway_review","tag-spain","tag-spain-fall-2026","tag-style","tag-trends"],"_links":{"self":[{"href":"https:\/\/dimensionturistica.com\/es\/wp-json\/wp\/v2\/posts\/1133478","targetHints":{"allow":["GET"]}}],"collection":[{"href":"https:\/\/dimensionturistica.com\/es\/wp-json\/wp\/v2\/posts"}],"about":[{"href":"https:\/\/dimensionturistica.com\/es\/wp-json\/wp\/v2\/types\/post"}],"author":[{"embeddable":true,"href":"https:\/\/dimensionturistica.com\/es\/wp-json\/wp\/v2\/users\/14"}],"replies":[{"embeddable":true,"href":"https:\/\/dimensionturistica.com\/es\/wp-json\/wp\/v2\/comments?post=1133478"}],"version-history":[{"count":1,"href":"https:\/\/dimensionturistica.com\/es\/wp-json\/wp\/v2\/posts\/1133478\/revisions"}],"predecessor-version":[{"id":1133480,"href":"https:\/\/dimensionturistica.com\/es\/wp-json\/wp\/v2\/posts\/1133478\/revisions\/1133480"}],"wp:featuredmedia":[{"embeddable":true,"href":"https:\/\/dimensionturistica.com\/es\/wp-json\/wp\/v2\/media\/1133479"}],"wp:attachment":[{"href":"https:\/\/dimensionturistica.com\/es\/wp-json\/wp\/v2\/media?parent=1133478"}],"wp:term":[{"taxonomy":"category","embeddable":true,"href":"https:\/\/dimensionturistica.com\/es\/wp-json\/wp\/v2\/categories?post=1133478"},{"taxonomy":"post_tag","embeddable":true,"href":"https:\/\/dimensionturistica.com\/es\/wp-json\/wp\/v2\/tags?post=1133478"}],"curies":[{"name":"wp","href":"https:\/\/api.w.org\/{rel}","templated":true}]}}