{"id":1133444,"date":"2026-04-01T12:44:41","date_gmt":"2026-04-01T12:44:41","guid":{"rendered":"https:\/\/dimensionturistica.com\/es\/?p=1133444"},"modified":"2026-04-01T12:44:41","modified_gmt":"2026-04-01T12:44:41","slug":"en-imagenes-los-momentos-mas-destacados-de-la-celebracion-del-estreno-de-el-diablo-viste-a-la-moda-2-en-mexico","status":"publish","type":"post","link":"https:\/\/dimensionturistica.com\/es\/en-imagenes-los-momentos-mas-destacados-de-la-celebracion-del-estreno-de-el-diablo-viste-a-la-moda-2-en-mexico\/","title":{"rendered":"En im\u00e1genes: los momentos m\u00e1s destacados de la celebraci\u00f3n del estreno de El Diablo Viste a la Moda 2 en M\u00e9xico."},"content":{"rendered":"<h3>Glamour y Estilo: La Gala del Estreno de &#8220;El Diablo Viste a la Moda 2&#8221; en M\u00e9xico<\/h3>\n<p>La alfombra roja se visti\u00f3 de elegancia y sofisticaci\u00f3n en la reciente gala celebrada en M\u00e9xico para conmemorar el esperado estreno de &#8220;El Diablo Viste a la Moda 2&#8221;. Este evento no solo marc\u00f3 la llegada de la secuela de un cl\u00e1sico del cine, sino que tambi\u00e9n se convirti\u00f3 en una pasarela de talentos, tendencias y estilos que capturaron la atenci\u00f3n de los amantes de la moda.<\/p>\n<h4>Celebridades que Deslumbraron<\/h4>\n<p>Entre los rostros m\u00e1s reconocibles de la noche, destacaron figuras del entretenimiento nacional e internacional, quienes deslumbraron con atuendos que combinaban la alta costura con toques contempor\u00e1neos. Vestidos que parec\u00edan obras de arte y trajes perfectamente tailored compartieron el protagonismo, haciendo que cada foto capturada por los paparazzi se convirtiera en un momento ic\u00f3nico.<\/p>\n<h4>Tendencias que Marcan la Pauta<\/h4>\n<p>Los estilistas e influencers en la gala no escatimaron en creatividad. Desde paletas de colores vibrantes hasta accesorios \u00fanicos, los looks presentados en la alfombra roja no solo reflejaron las tendencias actuales, sino tambi\u00e9n una audaz interpretaci\u00f3n del legado de la moda. Los detalles de texturas, bordados y cortes inesperados revelaron una clara disposici\u00f3n por desafiar las normas y redefinir lo que entendemos por elegancia.<\/p>\n<h4>Un Homenaje a la Moda<\/h4>\n<p>El evento no solo celebr\u00f3 el cine, sino tambi\u00e9n la esencia de la moda misma. Con una ambientaci\u00f3n cuidadosamente dise\u00f1ada que evocaba la est\u00e9tica del filme original, cada rinc\u00f3n de la gala fue un homenaje a la dramaturgia y al estilo que caracterizan la franquicia. Los asistentes no solo llevaron consigo sus mejores galas; tambi\u00e9n mostraron un profundo respeto por el impacto cultural que &#8220;El Diablo Viste a la Moda&#8221; ha tenido en la percepci\u00f3n del mundo fashion.<\/p>\n<h4>Momentos Memorables en Red Carpet<\/h4>\n<p>La gala fue una constelaci\u00f3n de momentos inolvidables. Las interacciones espont\u00e1neas entre celebridades, adem\u00e1s de la energ\u00eda palpable, crearon un ambiente de camarer\u00eda que fue tan atractivo como los looks en s\u00ed. Desde risas compartidas hasta declaraciones de estilo, la noche fue un recordatorio de que la moda es, en \u00faltima instancia, un medio de expresi\u00f3n personal y colectiva.<\/p>\n<h4>Un Llamado a la Audiencia<\/h4>\n<p>Este evento ha dejado una huella significativa en la industria de la moda, patrocinadores y marcas se alinean para ser parte de la conversaci\u00f3n. Las reacciones en redes sociales comienzan a cobrar vida, generando un eco que trasciende la gala misma y fomenta un di\u00e1logo sobre tendencias, referencias cinematogr\u00e1ficas y la influencia de la moda en la cultura popular.<\/p>\n<p>La gala del estreno de &#8220;El Diablo Viste a la Moda 2&#8221; no solo fue un evento; fue una celebraci\u00f3n de la moda en su forma m\u00e1s pura. Cada imagen y cada historia contada en la alfombra roja es un testimonio de que la moda sigue siendo un veh\u00edculo de imaginaci\u00f3n, innovaci\u00f3n y belleza que nunca deja de sorprender.<\/p>\n<p><em> &#8221; Fuentes www.vogue.mx &#8221; <\/em><\/p>\n","protected":false},"excerpt":{"rendered":"<p>Glamour y Estilo: La Gala del Estreno de &#8220;El Diablo Viste a la Moda 2&#8221; en M\u00e9xico La alfombra roja se visti\u00f3 de elegancia y sofisticaci\u00f3n en la reciente gala celebrada en M\u00e9xico para conmemorar el esperado estreno de &#8220;El Diablo Viste a la Moda 2&#8221;. Este evento no solo marc\u00f3 la llegada de la [&hellip;]<\/p>\n","protected":false},"author":14,"featured_media":1133445,"comment_status":"open","ping_status":"closed","sticky":false,"template":"","format":"standard","meta":{"om_disable_all_campaigns":false,"jnews-multi-image_gallery":[],"jnews_single_post":[],"jnews_primary_category":[],"jnews_social_meta":[],"footnotes":""},"categories":[144872],"tags":[200513,21732,6446,238386,13310,724,26790,25759,769,659,172438,373],"class_list":["post-1133444","post","type-post","status-publish","format-standard","has-post-thumbnail","hentry","category-fashion","tag-_commercial_content","tag-alfombra-roja","tag-celebridades","tag-el-diablo-viste-a-la-moda-2","tag-estreno","tag-eventos","tag-fotografias","tag-gala","tag-mexico","tag-moda","tag-momentos-destacados","tag-web"],"_links":{"self":[{"href":"https:\/\/dimensionturistica.com\/es\/wp-json\/wp\/v2\/posts\/1133444","targetHints":{"allow":["GET"]}}],"collection":[{"href":"https:\/\/dimensionturistica.com\/es\/wp-json\/wp\/v2\/posts"}],"about":[{"href":"https:\/\/dimensionturistica.com\/es\/wp-json\/wp\/v2\/types\/post"}],"author":[{"embeddable":true,"href":"https:\/\/dimensionturistica.com\/es\/wp-json\/wp\/v2\/users\/14"}],"replies":[{"embeddable":true,"href":"https:\/\/dimensionturistica.com\/es\/wp-json\/wp\/v2\/comments?post=1133444"}],"version-history":[{"count":1,"href":"https:\/\/dimensionturistica.com\/es\/wp-json\/wp\/v2\/posts\/1133444\/revisions"}],"predecessor-version":[{"id":1133446,"href":"https:\/\/dimensionturistica.com\/es\/wp-json\/wp\/v2\/posts\/1133444\/revisions\/1133446"}],"wp:featuredmedia":[{"embeddable":true,"href":"https:\/\/dimensionturistica.com\/es\/wp-json\/wp\/v2\/media\/1133445"}],"wp:attachment":[{"href":"https:\/\/dimensionturistica.com\/es\/wp-json\/wp\/v2\/media?parent=1133444"}],"wp:term":[{"taxonomy":"category","embeddable":true,"href":"https:\/\/dimensionturistica.com\/es\/wp-json\/wp\/v2\/categories?post=1133444"},{"taxonomy":"post_tag","embeddable":true,"href":"https:\/\/dimensionturistica.com\/es\/wp-json\/wp\/v2\/tags?post=1133444"}],"curies":[{"name":"wp","href":"https:\/\/api.w.org\/{rel}","templated":true}]}}