{"id":1133396,"date":"2026-04-01T10:10:57","date_gmt":"2026-04-01T10:10:57","guid":{"rendered":"https:\/\/dimensionturistica.com\/es\/?p=1133396"},"modified":"2026-04-01T10:10:57","modified_gmt":"2026-04-01T10:10:57","slug":"15-marcas-colombianas-llegan-a-nueva-york-para-desafiar-uno-de-los-mercados-mas-competitivos","status":"publish","type":"post","link":"https:\/\/dimensionturistica.com\/es\/15-marcas-colombianas-llegan-a-nueva-york-para-desafiar-uno-de-los-mercados-mas-competitivos\/","title":{"rendered":"15 marcas colombianas llegan a Nueva York para desafiar uno de los mercados m\u00e1s competitivos."},"content":{"rendered":"<p><strong>Colombia se Toma Nueva York: Moda, Talento y Creatividad en The Canvas<\/strong><\/p>\n<p>En el vibrante coraz\u00f3n de Nueva York, la moda colombiana brilla como nunca antes. Un grupo seleccionado de 15 innovadoras marcas est\u00e1 conquistando la Gran Manzana a trav\u00e9s de una exposici\u00f3n que destaca lo mejor del talento emergente de Colombia. Esta iniciativa no solo es un testimonio de la riqueza cultural del pa\u00eds sudamericano, sino tambi\u00e9n un firme paso hacia la internacionalizaci\u00f3n de su industria de la moda.<\/p>\n<h3>La Diversidad de la Moda Colombiana<\/h3>\n<p>Cada una de estas marcas lleva consigo una historia, un legado y una visi\u00f3n \u00fanica. Desde piezas que fusionan t\u00e9cnicas artesanales con dise\u00f1os contempor\u00e1neos, hasta colecciones que hablan de sostenibilidad y responsabilidad social, el espectro de estilos es amplio. El evento en The Canvas se convierte as\u00ed en un espacio de encuentro, donde lo tradicional se encuentra con la vanguardia.<\/p>\n<h3>Conexiones Globales<\/h3>\n<p>La presencia colombiana en Nueva York no es solo una oportunidad de exhibici\u00f3n, sino tambi\u00e9n un puente hacia el mundo. Al estar en un centro neur\u00e1lgico de la moda global, estas marcas tienen la posibilidad de establecer conexiones clave con compradores, influencers y medios de comunicaci\u00f3n. La interacci\u00f3n directa en un ambiente tan cosmopolita ofrece un marco invaluable para el crecimiento y la expansi\u00f3n de sus horizontes comerciales.<\/p>\n<h3>Innovaci\u00f3n y Sostenibilidad<\/h3>\n<p>Una de las tendencias m\u00e1s notables en esta exposici\u00f3n es el enfoque en la sostenibilidad. Muchas de estas marcas utilizan materiales reciclados o pr\u00e1cticas que minimizan su huella ambiental. Esta conciencia ecol\u00f3gica resuena fuertemente en un p\u00fablico que busca no solo estilo, sino tambi\u00e9n un impacto positivo en el mundo. La fusi\u00f3n de est\u00e9tica y \u00e9tica se posiciona como uno de los puntos fuertes que atrae la atenci\u00f3n de los consumidores neoyorquinos.<\/p>\n<h3>Un P\u00fablico Entusiasta<\/h3>\n<p>El evento ha suscitado un gran inter\u00e9s entre los amantes de la moda, curiosos y cr\u00edticos por igual. Al ofrecer una mezcla vibrante de textiles, accesorios y prendas, The Canvas se convierte en un escaparate de lo que ser\u00e1 el futuro de la moda, donde la creatividad de Colombia se integra en la narrativa global. La autenticidad de cada pieza, lejos de seguir tendencias pasajeras, propone un di\u00e1logo fresco y relevante en la escena actual.<\/p>\n<h3>Celebraci\u00f3n de la Cultura<\/h3>\n<p>Adem\u00e1s de la moda, esta exposici\u00f3n permite celebrar la diversidad cultural de Colombia. Las tradiciones, la m\u00fasica y el arte se entrelazan en cada creaci\u00f3n, invitando a los asistentes a sumergirse en una experiencia sensorial \u00fanica. Este enfoque integral convierte la asistencia al evento en un viaje cultural que enriquece tanto a los locales como a los visitantes.<\/p>\n<h3>El Futuro es Brillante<\/h3>\n<p>A medida que estas 15 marcas colombianas se posicionan en el mapa global de la moda, su presencia en Nueva York promete ser solo el comienzo. Con su creatividad y pasi\u00f3n, est\u00e1n listas para dejar una huella perdurable y demostrar que la moda no entiende de fronteras. Cada vestido, cada accesorio es un reflejo de una rica herencia cultural y una mirada hacia el futuro que inspira y cautiva.<\/p>\n<p>La moda colombiana est\u00e1 aqu\u00ed para quedarse, y su pr\u00f3ximo cap\u00edtulo se despliega con cada avance en la Gran Manzana. Con la mirada puesta en nuevas oportunidades, estas marcas son el perfil perfecto de un talento que no conoce l\u00edmites y est\u00e1 ansioso por ser descubierto.<\/p>\n<p><em> &#8221; Fuentes www.vogue.mx &#8221; <\/em><\/p>\n","protected":false},"excerpt":{"rendered":"<p>Colombia se Toma Nueva York: Moda, Talento y Creatividad en The Canvas En el vibrante coraz\u00f3n de Nueva York, la moda colombiana brilla como nunca antes. Un grupo seleccionado de 15 innovadoras marcas est\u00e1 conquistando la Gran Manzana a trav\u00e9s de una exposici\u00f3n que destaca lo mejor del talento emergente de Colombia. Esta iniciativa no [&hellip;]<\/p>\n","protected":false},"author":14,"featured_media":1133397,"comment_status":"open","ping_status":"closed","sticky":false,"template":"","format":"standard","meta":{"om_disable_all_campaigns":false,"jnews-multi-image_gallery":[],"jnews_single_post":[],"jnews_primary_category":[],"jnews_social_meta":[],"footnotes":""},"categories":[144872],"tags":[771,585,662,3743,715,6473,743,49595,775,4895,273717,2399,659,1935,2506,2182],"class_list":["post-1133396","post","type-post","status-publish","format-standard","has-post-thumbnail","hentry","category-fashion","tag-colombia","tag-comercio","tag-cultura","tag-diseno","tag-economia","tag-emprendimiento","tag-gastronomia","tag-globalizacion","tag-innovacion","tag-internacionalizacion","tag-marcas-colombianas","tag-mercado","tag-moda","tag-negocios","tag-nueva-york","tag-tendencias"],"_links":{"self":[{"href":"https:\/\/dimensionturistica.com\/es\/wp-json\/wp\/v2\/posts\/1133396","targetHints":{"allow":["GET"]}}],"collection":[{"href":"https:\/\/dimensionturistica.com\/es\/wp-json\/wp\/v2\/posts"}],"about":[{"href":"https:\/\/dimensionturistica.com\/es\/wp-json\/wp\/v2\/types\/post"}],"author":[{"embeddable":true,"href":"https:\/\/dimensionturistica.com\/es\/wp-json\/wp\/v2\/users\/14"}],"replies":[{"embeddable":true,"href":"https:\/\/dimensionturistica.com\/es\/wp-json\/wp\/v2\/comments?post=1133396"}],"version-history":[{"count":1,"href":"https:\/\/dimensionturistica.com\/es\/wp-json\/wp\/v2\/posts\/1133396\/revisions"}],"predecessor-version":[{"id":1133398,"href":"https:\/\/dimensionturistica.com\/es\/wp-json\/wp\/v2\/posts\/1133396\/revisions\/1133398"}],"wp:featuredmedia":[{"embeddable":true,"href":"https:\/\/dimensionturistica.com\/es\/wp-json\/wp\/v2\/media\/1133397"}],"wp:attachment":[{"href":"https:\/\/dimensionturistica.com\/es\/wp-json\/wp\/v2\/media?parent=1133396"}],"wp:term":[{"taxonomy":"category","embeddable":true,"href":"https:\/\/dimensionturistica.com\/es\/wp-json\/wp\/v2\/categories?post=1133396"},{"taxonomy":"post_tag","embeddable":true,"href":"https:\/\/dimensionturistica.com\/es\/wp-json\/wp\/v2\/tags?post=1133396"}],"curies":[{"name":"wp","href":"https:\/\/api.w.org\/{rel}","templated":true}]}}