{"id":1133362,"date":"2026-04-01T08:24:56","date_gmt":"2026-04-01T08:24:56","guid":{"rendered":"https:\/\/dimensionturistica.com\/es\/?p=1133362"},"modified":"2026-04-01T08:24:56","modified_gmt":"2026-04-01T08:24:56","slug":"es-mas-economico-trasladarse-en-un-auto-electrico-o-en-uno-de-combustion","status":"publish","type":"post","link":"https:\/\/dimensionturistica.com\/es\/es-mas-economico-trasladarse-en-un-auto-electrico-o-en-uno-de-combustion\/","title":{"rendered":"\u00bfEs m\u00e1s econ\u00f3mico trasladarse en un auto el\u00e9ctrico o en uno de combusti\u00f3n?"},"content":{"rendered":"<h3>Viajar por Espa\u00f1a en Semana Santa: Consejos para elegir el medio de transporte ideal<\/h3>\n<p>La Semana Santa es una de las \u00e9pocas m\u00e1s esperadas del a\u00f1o para los viajeros en Espa\u00f1a. La combinaci\u00f3n de d\u00edas festivos, la llegada de la primavera y la oportunidad de descubrir nuevos destinos convierten esta fecha en el momento perfecto para emprender un viaje. Sin embargo, una de las decisiones m\u00e1s importantes que deben tomar los viajeros es c\u00f3mo llegar a sus destinos elegidos. En un contexto donde los precios del combustible fluct\u00faan y la electrificaci\u00f3n del parque automovil\u00edstico avanza, elegir el medio de transporte adecuado puede marcar la diferencia.<\/p>\n<h4>El dilema del combustible<\/h4>\n<p>Con el turismo interno recuper\u00e1ndose tras a\u00f1os de pandemia, es crucial considerar el impacto econ\u00f3mico que tendr\u00e1 viajar en coche. Aunque los autom\u00f3viles de gasolina siguen siendo muy populares, los precios del combustible son a menudo un factor disuasorio. Autonom\u00eda y eficiencia son claves al elegir un veh\u00edculo. Un coche equilibrio entre estos aspectos puede ofrecer una experiencia de viaje m\u00e1s satisfactoria.<\/p>\n<p>Sin embargo, los veh\u00edculos el\u00e9ctricos est\u00e1n ganando terreno r\u00e1pidamente. Con una red de carga cada vez m\u00e1s amplia y una variedad de modelos asequibles en el mercado, optar por un coche el\u00e9ctrico puede resultar no solo en un ahorro significativo en costos de combustible, sino tambi\u00e9n en una contribuci\u00f3n al medio ambiente. Aunque a\u00fan hay dudas sobre la autonom\u00eda y la disponibilidad de puntos de carga, muchos conductores descubren que, con una buena planificaci\u00f3n, pueden disfrutar de un viaje libre de estr\u00e9s.<\/p>\n<h4>Planificaci\u00f3n del viaje<\/h4>\n<p>Independientemente del tipo de veh\u00edculo que elijas, planificar tu viaje es crucial. Para quienes opten por un coche de gasolina, es recomendable buscar aplicaciones y servicios que te indiquen las estaciones de servicio m\u00e1s econ\u00f3micas a lo largo de tu ruta. Esto puede marcar la diferencia en un viaje largo, especialmente en trayectos donde las paradas son limitadas.<\/p>\n<p>Por otro lado, los viajeros en coches el\u00e9ctricos deben asegurarse de tener a mano un mapa de estaciones de carga. Adem\u00e1s, muchos destinos tur\u00edsticos se est\u00e1n adaptando para ofrecer estaciones de carga en zonas de inter\u00e9s, lo que facilita la movilidad para quienes eligen opciones sostenibles.<\/p>\n<h4>Consideraciones adicionales<\/h4>\n<p>Adem\u00e1s del costo de combustible y de las opciones de carga, tambi\u00e9n es importante tener en cuenta el tema del alojamiento. La Semana Santa es una de las \u00e9pocas m\u00e1s concurridas en muchas ciudades, lo que significa que anticipar y reservar con tiempo puede evitar sorpresas desagradables. Muchos hoteles y alojamientos est\u00e1n ahora ofreciendo condiciones favorables para aquellos que viajan en veh\u00edculos el\u00e9ctricos, como estaciones de carga en el lugar o descuentos para estancias prolongadas.<\/p>\n<p>Otro aspecto a considerar es la posibilidad de compartir el viaje. Si viajas con amigos o familiares, compartir el costo del combustible o del alquiler de un veh\u00edculo puede resultar muy beneficioso. Adem\u00e1s, los viajes en grupo suelen generar momentos m\u00e1s memorables y divertidos.<\/p>\n<h4>Conclusi\u00f3n<\/h4>\n<p>La Semana Santa es la oportunidad ideal para explorar lo mejor de Espa\u00f1a, ya sea a trav\u00e9s de la historia cultural de las ciudades o de los paisajes naturales impresionantes. La elecci\u00f3n del medio de transporte, ya sea un coche de gasolina o un el\u00e9ctrico, debe ser una decisi\u00f3n bien pensada que no solo considere el costo, sino tambi\u00e9n la experiencia global del viaje. Con la adecuada planificaci\u00f3n y una mentalidad abierta frente a las opciones disponibles, esta Semana Santa puede ser m\u00e1s que una escapada; puede convertirse en una aventura inolvidable.<\/p>\n<p><em> &#8221; Fuentes www.abc.es &#8221; <\/em><\/p>\n","protected":false},"excerpt":{"rendered":"<p>Viajar por Espa\u00f1a en Semana Santa: Consejos para elegir el medio de transporte ideal La Semana Santa es una de las \u00e9pocas m\u00e1s esperadas del a\u00f1o para los viajeros en Espa\u00f1a. La combinaci\u00f3n de d\u00edas festivos, la llegada de la primavera y la oportunidad de descubrir nuevos destinos convierten esta fecha en el momento perfecto [&hellip;]<\/p>\n","protected":false},"author":4,"featured_media":1133363,"comment_status":"open","ping_status":"closed","sticky":false,"template":"","format":"standard","meta":{"om_disable_all_campaigns":false,"jnews-multi-image_gallery":[],"jnews_single_post":[],"jnews_primary_category":[],"jnews_social_meta":[],"footnotes":""},"categories":[39],"tags":[4059,4024,81017,24146,715,15601,15163,991,3813,2849,600,653,3242,790],"class_list":["post-1133362","post","type-post","status-publish","format-standard","has-post-thumbnail","hentry","category-viajes","tag-barato","tag-coche","tag-comparacion","tag-costos","tag-economia","tag-electrico","tag-gasolina","tag-medio-ambiente","tag-santa","tag-semana","tag-sostenibilidad","tag-transporte","tag-vehiculos","tag-viajar"],"_links":{"self":[{"href":"https:\/\/dimensionturistica.com\/es\/wp-json\/wp\/v2\/posts\/1133362","targetHints":{"allow":["GET"]}}],"collection":[{"href":"https:\/\/dimensionturistica.com\/es\/wp-json\/wp\/v2\/posts"}],"about":[{"href":"https:\/\/dimensionturistica.com\/es\/wp-json\/wp\/v2\/types\/post"}],"author":[{"embeddable":true,"href":"https:\/\/dimensionturistica.com\/es\/wp-json\/wp\/v2\/users\/4"}],"replies":[{"embeddable":true,"href":"https:\/\/dimensionturistica.com\/es\/wp-json\/wp\/v2\/comments?post=1133362"}],"version-history":[{"count":1,"href":"https:\/\/dimensionturistica.com\/es\/wp-json\/wp\/v2\/posts\/1133362\/revisions"}],"predecessor-version":[{"id":1133364,"href":"https:\/\/dimensionturistica.com\/es\/wp-json\/wp\/v2\/posts\/1133362\/revisions\/1133364"}],"wp:featuredmedia":[{"embeddable":true,"href":"https:\/\/dimensionturistica.com\/es\/wp-json\/wp\/v2\/media\/1133363"}],"wp:attachment":[{"href":"https:\/\/dimensionturistica.com\/es\/wp-json\/wp\/v2\/media?parent=1133362"}],"wp:term":[{"taxonomy":"category","embeddable":true,"href":"https:\/\/dimensionturistica.com\/es\/wp-json\/wp\/v2\/categories?post=1133362"},{"taxonomy":"post_tag","embeddable":true,"href":"https:\/\/dimensionturistica.com\/es\/wp-json\/wp\/v2\/tags?post=1133362"}],"curies":[{"name":"wp","href":"https:\/\/api.w.org\/{rel}","templated":true}]}}