{"id":1133259,"date":"2026-04-01T03:18:43","date_gmt":"2026-04-01T03:18:43","guid":{"rendered":"https:\/\/dimensionturistica.com\/es\/?p=1133259"},"modified":"2026-04-01T03:18:43","modified_gmt":"2026-04-01T03:18:43","slug":"el-viaje-de-autodescubrimiento-a-traves-de-la-memoria-el-hogar-y-los-ecos-de-los-lugares-que-atesoramos-tras-su-partida","status":"publish","type":"post","link":"https:\/\/dimensionturistica.com\/es\/el-viaje-de-autodescubrimiento-a-traves-de-la-memoria-el-hogar-y-los-ecos-de-los-lugares-que-atesoramos-tras-su-partida\/","title":{"rendered":"El viaje de autodescubrimiento a trav\u00e9s de la memoria, el hogar y los ecos de los lugares que atesoramos tras su partida."},"content":{"rendered":"<h3>La Moda como Recuerdo: Un Viaje Emocional a Trav\u00e9s del Estilo<\/h3>\n<p>La conexi\u00f3n entre la moda y la memoria es un hilo invisible que une nuestra identidad con los lugares y momentos que hemos vivido. En un mundo donde las tendencias cambian a la velocidad de la luz, hay un espacio especial para aquellos que ven la moda como un medio de narraci\u00f3n personal y colectiva. Este viaje no solo se trata de prendas, sino de las historias que las rodean y de las memorias que evocan.<\/p>\n<p>Imagina un guardarropa que no solo alberga ropa, sino que cada pieza cuenta una historia. Desde un abrigo que te recuerda la calidez de los abrazos de la infancia hasta una bufanda que lleva consigo el aroma de un hogar perdido. Esta relaci\u00f3n entre el vestuario y las experiencias vividas m\u00e1s all\u00e1 del simple acto de vestir se convierte en un viaje emocional que explora la esencia misma de quienes somos.<\/p>\n<p>La moda puede actuar como un puente hacia el pasado. A trav\u00e9s de su mirada, se pueden redescubrir lugares y momentos que, aunque est\u00e9n f\u00edsicamente ausentes, pueden ser revividos a trav\u00e9s de los tejidos, los cortes y los colores. En este sentido, cada atuendo se transforma en un lienzo que refleja la nostalgia y el anhelo por lo que fue, ahondando en las ra\u00edces de la experiencia humana.<\/p>\n<p>Las piezas vintage, en particular, son testigos silenciosos que han sido parte de una historia mayor. Su primera vida puede haberse tejido en eventos que ahora parecen distantes, pero su presencia trae consigo ecos de risas, l\u00e1grimas y sue\u00f1os. Este aspecto del vintage no solo se trata de sostenibilidad y conciencia medioambiental; es una forma de honrar el pasado mientras se reinventa el presente.<\/p>\n<p>La moda actual tambi\u00e9n est\u00e1 experimentando un resurgimiento de este enfoque. Dise\u00f1adores y marcas buscan crear conexiones \u00edntimas con sus audiencias, invit\u00e1ndolas a reflexionar sobre sus propios recuerdos mientras exploran nuevas colecciones. En este contexto, el lujo se redefine; ya no es solo un s\u00edmbolo de estatus, sino una celebraci\u00f3n de la historia personal que cada pieza trae consigo.<\/p>\n<p>Las redes sociales juegan un papel crucial en esta narrativa. La manera en que compartimos nuestra moda diaria va m\u00e1s all\u00e1 de simplemente mostrar un atuendo; se convierte en una plataforma para contar historias, para revivir momentos significativos y conectar con otros que resuenan en esas experiencias. As\u00ed, cada publicaci\u00f3n se transforma en una c\u00e1psula del tiempo, un peque\u00f1o recordatorio de qui\u00e9nes somos y de d\u00f3nde venimos.<\/p>\n<p>En este enfoque, la moda deja de ser un concepto ef\u00edmero para convertirse en un medio de exploraci\u00f3n y reconocimiento personal. Cada elecci\u00f3n de vestuario es una afirmaci\u00f3n de identidad y una conexi\u00f3n con los ecos del pasado, haciendo eco en el presente. Este es el poder de la moda: su capacidad de fusionar lo visible y lo invisible, lo tangible y lo intangible, en una experiencia \u00fanica y vivificadora para todos aquellos que eligen llevar su historia consigo.<\/p>\n<p>As\u00ed, el v\u00ednculo entre moda y memoria se convierte en una celebraci\u00f3n de la experiencia humana, donde cada atuendo es un recordatorio de que, aunque los lugares y las personas puedan desvanecerse, sus historias y emociones perduran en cada hilo, en cada costura. En esta danza entre lo que fue y lo que es, la moda se revela como un refugio para el alma, evocando el pasado y enriqueci\u00e9ndonos en el presente.<\/p>\n<p><em> &#8221; Fuentes www.vogue.com &#8221; <\/em><\/p>\n","protected":false},"excerpt":{"rendered":"<p>La Moda como Recuerdo: Un Viaje Emocional a Trav\u00e9s del Estilo La conexi\u00f3n entre la moda y la memoria es un hilo invisible que une nuestra identidad con los lugares y momentos que hemos vivido. En un mundo donde las tendencias cambian a la velocidad de la luz, hay un espacio especial para aquellos que [&hellip;]<\/p>\n","protected":false},"author":14,"featured_media":1133260,"comment_status":"open","ping_status":"closed","sticky":false,"template":"","format":"standard","meta":{"om_disable_all_campaigns":false,"jnews-multi-image_gallery":[],"jnews_single_post":[],"jnews_primary_category":[],"jnews_social_meta":[],"footnotes":""},"categories":[144872],"tags":[204656,63,95249,273664,92791,74182,74638,96033,27866,200954,70298,25016,217323,198619,373],"class_list":["post-1133259","post","type-post","status-publish","format-standard","has-post-thumbnail","hentry","category-fashion","tag-ghosts","tag-home","tag-identity","tag-inner-landscape","tag-interviews","tag-journey","tag-loss","tag-memory","tag-nostalgia","tag-photovogue","tag-places","tag-storytelling","tag-storytypeinterview","tag-textbelowleftfullbleed","tag-web"],"_links":{"self":[{"href":"https:\/\/dimensionturistica.com\/es\/wp-json\/wp\/v2\/posts\/1133259","targetHints":{"allow":["GET"]}}],"collection":[{"href":"https:\/\/dimensionturistica.com\/es\/wp-json\/wp\/v2\/posts"}],"about":[{"href":"https:\/\/dimensionturistica.com\/es\/wp-json\/wp\/v2\/types\/post"}],"author":[{"embeddable":true,"href":"https:\/\/dimensionturistica.com\/es\/wp-json\/wp\/v2\/users\/14"}],"replies":[{"embeddable":true,"href":"https:\/\/dimensionturistica.com\/es\/wp-json\/wp\/v2\/comments?post=1133259"}],"version-history":[{"count":1,"href":"https:\/\/dimensionturistica.com\/es\/wp-json\/wp\/v2\/posts\/1133259\/revisions"}],"predecessor-version":[{"id":1133261,"href":"https:\/\/dimensionturistica.com\/es\/wp-json\/wp\/v2\/posts\/1133259\/revisions\/1133261"}],"wp:featuredmedia":[{"embeddable":true,"href":"https:\/\/dimensionturistica.com\/es\/wp-json\/wp\/v2\/media\/1133260"}],"wp:attachment":[{"href":"https:\/\/dimensionturistica.com\/es\/wp-json\/wp\/v2\/media?parent=1133259"}],"wp:term":[{"taxonomy":"category","embeddable":true,"href":"https:\/\/dimensionturistica.com\/es\/wp-json\/wp\/v2\/categories?post=1133259"},{"taxonomy":"post_tag","embeddable":true,"href":"https:\/\/dimensionturistica.com\/es\/wp-json\/wp\/v2\/tags?post=1133259"}],"curies":[{"name":"wp","href":"https:\/\/api.w.org\/{rel}","templated":true}]}}