{"id":1133188,"date":"2026-03-31T23:54:44","date_gmt":"2026-03-31T23:54:44","guid":{"rendered":"https:\/\/dimensionturistica.com\/es\/?p=1133188"},"modified":"2026-03-31T23:54:44","modified_gmt":"2026-03-31T23:54:44","slug":"dentro-del-comienzo-cinematografico-de-tarde-de-perros-en-broadway","status":"publish","type":"post","link":"https:\/\/dimensionturistica.com\/es\/dentro-del-comienzo-cinematografico-de-tarde-de-perros-en-broadway\/","title":{"rendered":"Dentro del Comienzo Cinematogr\u00e1fico de &#8216;Tarde de Perros&#8217; en Broadway"},"content":{"rendered":"<h3>Una Noche de Estilo y Creatividad: La Gran Apertura de \u201cDog Day Afternoon\u201d<\/h3>\n<p>El mundo de la moda se ilumin\u00f3 recientemente en una noche que promet\u00eda ser inolvidable. La escena de la pasarela se transform\u00f3 en un punto de encuentro donde el arte, la originalidad y la est\u00e9tica se entrelazaron, dando vida a la esperada apertura del evento \u201cDog Day Afternoon\u201d. Este evento no solo fue una celebraci\u00f3n de la moda, sino tambi\u00e9n un homenaje a la cultura y la comunidad, destacando piezas y creaciones que reflejan la diversidad y la innovaci\u00f3n del sector.<\/p>\n<h4>Vanguardia y Estilo de Calle<\/h4>\n<p>Los asistentes, ataviados con looks que oscilaban entre lo avant-garde y el street style, se convirtieron en verdaderas obras de arte. Dise\u00f1adores emergentes y nombres consagrados coexistieron en un mismo espacio, presentando colecciones que dejaban al p\u00fablico sin aliento. Desde patrones atrevidos hasta texturas \u00fanicas, cada atuendo contaba una historia que invitaba a ser descubierta. La curiosidad se desbordaba entre los asistentes, que compart\u00edan cada vistazo en redes sociales, creando un fen\u00f3meno viral en tiempo real.<\/p>\n<h4>La Influencia de la Cultura Pop<\/h4>\n<p>El evento tambi\u00e9n sirvi\u00f3 como plataforma para resaltar la influencia de la cultura pop en la moda contempor\u00e1nea. La fusi\u00f3n de elementos de la m\u00fasica, el cine y la est\u00e9tica visual cre\u00f3 un ambiente vibrante, repleto de referencias que resonaban con la audiencia. Muchas de las creaciones llevaban consigo gui\u00f1os a cl\u00e1sicos del cine, retratando personajes ic\u00f3nicos a trav\u00e9s de indumentarias cuidadosamente elaboradas. Este enfoque no solo captur\u00f3 la atenci\u00f3n de los presentes, sino que tambi\u00e9n incentiv\u00f3 un di\u00e1logo sobre la intersecci\u00f3n entre diferentes formas de expresi\u00f3n art\u00edstica.<\/p>\n<h4>La Experiencia Sensorial<\/h4>\n<p>M\u00e1s all\u00e1 de las pasarelas repletas de moda, el evento ofreci\u00f3 una experiencia sensorial completa. Instalaciones interactivas y espacios dise\u00f1ados para inspirar invitaron a los asistentes a sumergirse en un mundo donde la moda no solo se ve, sino que se siente y se vive. La m\u00fasica, cuidadosamente seleccionada, complement\u00f3 la atm\u00f3sfera, convirtiendo un simple desfile en un festival de creatividad y conexi\u00f3n cultural.<\/p>\n<h4>Compromiso Social y Sostenibilidad<\/h4>\n<p>Un aspecto fundamental que destac\u00f3 durante la noche fue el compromiso con la sostenibilidad y la responsabilidad social. Las voces de activistas y defensores de la moda \u00e9tica resonaron en medio de la celebraci\u00f3n, recordando a todos los presentes que la industria de la moda tambi\u00e9n tiene una responsabilidad hacia el planeta y sus habitantes. Algunas de las colecciones presentadas incorporaron materiales reciclados y t\u00e9cnicas sostenibles, lo que gener\u00f3 un fuerte inter\u00e9s y conversaci\u00f3n sobre el futuro de la moda.<\/p>\n<h4>Un Futuro Brillante<\/h4>\n<p>La apertura de \u201cDog Day Afternoon\u201d no solo aclam\u00f3 la creatividad y el talento presente, sino que tambi\u00e9n sent\u00f3 las bases para futuras colaboraciones y proyectos que buscan redefinir las fronteras de la moda. Este evento ha demostrado que la industria est\u00e1 en un punto de inflexi\u00f3n donde la innovaci\u00f3n, la \u00e9tica y la comunidad son m\u00e1s importantes que nunca.<\/p>\n<p>En resumen, la noche fue un recordatorio espectacular de que la moda, en su esencia m\u00e1s pura, es una forma de arte que contin\u00faa evolucionando, invitando a todos a ser parte de su incesante transformaci\u00f3n. La viralidad de este evento en las redes sociales es solo un reflejo de la fascinaci\u00f3n que genera, impactando a una audiencia que busca constantemente lo nuevo y lo extraordinario.<\/p>\n<p><em> &#8221; Fuentes www.vogue.com &#8221; <\/em><\/p>\n","protected":false},"excerpt":{"rendered":"<p>Una Noche de Estilo y Creatividad: La Gran Apertura de \u201cDog Day Afternoon\u201d El mundo de la moda se ilumin\u00f3 recientemente en una noche que promet\u00eda ser inolvidable. La escena de la pasarela se transform\u00f3 en un punto de encuentro donde el arte, la originalidad y la est\u00e9tica se entrelazaron, dando vida a la esperada [&hellip;]<\/p>\n","protected":false},"author":14,"featured_media":1133189,"comment_status":"open","ping_status":"closed","sticky":false,"template":"","format":"standard","meta":{"om_disable_all_campaigns":false,"jnews-multi-image_gallery":[],"jnews_single_post":[],"jnews_primary_category":[],"jnews_social_meta":[],"footnotes":""},"categories":[144872],"tags":[77795,206386,8352,273642,273643,489,202992,100654,25016,224329,434,373],"class_list":["post-1133188","post","type-post","status-publish","format-standard","has-post-thumbnail","hentry","category-fashion","tag-analysis","tag-artistic-expression","tag-broadway","tag-cinematic-opening","tag-dog-day-afternoon","tag-drama","tag-film-adaptation","tag-performance","tag-storytelling","tag-storytypereporting-story","tag-theater","tag-web"],"_links":{"self":[{"href":"https:\/\/dimensionturistica.com\/es\/wp-json\/wp\/v2\/posts\/1133188","targetHints":{"allow":["GET"]}}],"collection":[{"href":"https:\/\/dimensionturistica.com\/es\/wp-json\/wp\/v2\/posts"}],"about":[{"href":"https:\/\/dimensionturistica.com\/es\/wp-json\/wp\/v2\/types\/post"}],"author":[{"embeddable":true,"href":"https:\/\/dimensionturistica.com\/es\/wp-json\/wp\/v2\/users\/14"}],"replies":[{"embeddable":true,"href":"https:\/\/dimensionturistica.com\/es\/wp-json\/wp\/v2\/comments?post=1133188"}],"version-history":[{"count":1,"href":"https:\/\/dimensionturistica.com\/es\/wp-json\/wp\/v2\/posts\/1133188\/revisions"}],"predecessor-version":[{"id":1133190,"href":"https:\/\/dimensionturistica.com\/es\/wp-json\/wp\/v2\/posts\/1133188\/revisions\/1133190"}],"wp:featuredmedia":[{"embeddable":true,"href":"https:\/\/dimensionturistica.com\/es\/wp-json\/wp\/v2\/media\/1133189"}],"wp:attachment":[{"href":"https:\/\/dimensionturistica.com\/es\/wp-json\/wp\/v2\/media?parent=1133188"}],"wp:term":[{"taxonomy":"category","embeddable":true,"href":"https:\/\/dimensionturistica.com\/es\/wp-json\/wp\/v2\/categories?post=1133188"},{"taxonomy":"post_tag","embeddable":true,"href":"https:\/\/dimensionturistica.com\/es\/wp-json\/wp\/v2\/tags?post=1133188"}],"curies":[{"name":"wp","href":"https:\/\/api.w.org\/{rel}","templated":true}]}}