{"id":1133012,"date":"2026-03-31T17:10:53","date_gmt":"2026-03-31T17:10:53","guid":{"rendered":"https:\/\/dimensionturistica.com\/es\/?p=1133012"},"modified":"2026-03-31T17:10:53","modified_gmt":"2026-03-31T17:10:53","slug":"controversia-por-los-desplazamientos-y-la-falta-de-asistencia-al-congreso-de-juan-carlos-valladares-legislador-del-pvem","status":"publish","type":"post","link":"https:\/\/dimensionturistica.com\/es\/controversia-por-los-desplazamientos-y-la-falta-de-asistencia-al-congreso-de-juan-carlos-valladares-legislador-del-pvem\/","title":{"rendered":"Controversia por los desplazamientos y la falta de asistencia al Congreso de Juan Carlos Valladares, legislador del PVEM"},"content":{"rendered":"<p><strong>Incertidumbre Pol\u00edtica y su Impacto en el Turismo: Un Viaje a lo Inesperado<\/strong><\/p>\n<p>En el panorama pol\u00edtico de un pa\u00eds, las decisiones y acciones de ciertos individuos pueden resonar m\u00e1s all\u00e1 de la esfera legislativa, afectando varios aspectos, incluyendo el turismo. Recientemente, el caso de un diputado ha suscitado controversia por sus ausencias en el Congreso durante viajes internacionales, lo cual ha generado un intenso debate sobre la responsabilidad y compromiso de los representantes de la ciudadan\u00eda.<\/p>\n<p>Este episodio pone de relieve un aspecto vital que a menudo se pasa por alto: la conexi\u00f3n entre la pol\u00edtica y el turismo. Los representantes pol\u00edticos, quienes son elegidos para velar por los intereses de la comunidad, juegan un papel fundamental en la promoci\u00f3n de destinos, la creaci\u00f3n de pol\u00edticas tur\u00edsticas efectivas y la atracci\u00f3n de inversiones en infraestructura. Sin embargo, cuando las prioridades parecen desviarse, surgen cuestionamientos no solo sobre la \u00e9tica de los funcionarios, sino tambi\u00e9n sobre el impacto que esto tiene en la percepci\u00f3n del pa\u00eds como un destino tur\u00edstico.<\/p>\n<p>Imaginemos la situaci\u00f3n: un diputado que deber\u00eda estar presente en las discusiones cruciales sobre legislaci\u00f3n que afecta directamente a distintas \u00e1reas, incluyendo el turismo, decide ausentarse en varias ocasiones. Esto no solo crea un vac\u00edo en la representaci\u00f3n de los ciudadanos, sino que tambi\u00e9n puede influir negativamente en la imagen de la regi\u00f3n, desalentando a los visitantes potenciales que buscan un entorno confiable y estable.<\/p>\n<p>El turismo es un motor econ\u00f3mico vital en muchos destinos, y su crecimiento est\u00e1 intr\u00ednsecamente ligado a la confianza que los viajeros depositan en un lugar. Cuando surgen situaciones de controversia o desconfianza hacia los l\u00edderes pol\u00edticos, el efecto domin\u00f3 puede llevar a la disminuci\u00f3n de turistas. Estos, ante la incertidumbre, pueden optar por otros destinos donde se perciban un mayor compromiso y estabilidad.<\/p>\n<p>En medio de esta pol\u00e9mica, surgen oportunidades para que los destinos tur\u00edsticos reafirmen su atractivo. Las autoridades locales, tanto en el \u00e1mbito pol\u00edtico como en el sector empresarial, deben trabajar conjuntamente para comunicar una imagen de solidez y determinaci\u00f3n. Estrategias de marketing que resalten la riqueza cultural y los atractivos naturales de la regi\u00f3n, adem\u00e1s de garantizar un ambiente seguro y acogedor, son imperativas para contrarrestar cualquier efecto negativo que esta situaci\u00f3n pueda causar.<\/p>\n<p>El turismo no solo se trata de viajar; se trata tambi\u00e9n de experiencias, de conexiones humanas. Los viajeros buscan sentirse parte de una comunidad que los reciba con brazos abiertos, independiente de los vaivenes pol\u00edticos. Por ello, es vital que, tanto ciudadanos como l\u00edderes, trabajen para mantener la imagen de un destino pr\u00f3spero y comprometido.<\/p>\n<p>En consecuencia, mientras el debate sobre la conducta de ciertos funcionarios contin\u00faa, la comunidad tur\u00edstica debe permanecer atenta y activa, creando un espacio donde la cultura, la hospitalidad y la integridad prevalezcan por encima de las controversias pol\u00edticas. En \u00faltima instancia, el verdadero viajero siempre elegir\u00e1 las historias y las experiencias que ofrecemos, dejando atr\u00e1s las sombras de la controversia. <\/p>\n<p>El pr\u00f3ximo cap\u00edtulo del turismo en nuestro pa\u00eds depender\u00e1 de la capacidad de la sociedad para encontrar un equilibrio entre las exigencias pol\u00edticas y el deseo de experimentar un mundo diverso y emocionante. Con el enfoque correcto, incluso las crisis pueden transformarse en oportunidades para construir un futuro brillante y acogedor.<\/p>\n<p><em> &#8221; Fuentes elcoahuilense.com &#8221; <\/em><\/p>\n","protected":false},"excerpt":{"rendered":"<p>Incertidumbre Pol\u00edtica y su Impacto en el Turismo: Un Viaje a lo Inesperado En el panorama pol\u00edtico de un pa\u00eds, las decisiones y acciones de ciertos individuos pueden resonar m\u00e1s all\u00e1 de la esfera legislativa, afectando varios aspectos, incluyendo el turismo. Recientemente, el caso de un diputado ha suscitado controversia por sus ausencias en el [&hellip;]<\/p>\n","protected":false},"author":4,"featured_media":1133013,"comment_status":"open","ping_status":"closed","sticky":false,"template":"","format":"standard","meta":{"om_disable_all_campaigns":false,"jnews-multi-image_gallery":[],"jnews_single_post":[],"jnews_primary_category":[],"jnews_social_meta":[],"footnotes":""},"categories":[39],"tags":[211102,923,2336,273589,769,4872,7070,545],"class_list":["post-1133012","post","type-post","status-publish","format-standard","has-post-thumbnail","hentry","category-viajes","tag-ausencias","tag-congreso","tag-diputado","tag-juan-carlos-valladares","tag-mexico","tag-polemica","tag-pvem","tag-viajes"],"_links":{"self":[{"href":"https:\/\/dimensionturistica.com\/es\/wp-json\/wp\/v2\/posts\/1133012","targetHints":{"allow":["GET"]}}],"collection":[{"href":"https:\/\/dimensionturistica.com\/es\/wp-json\/wp\/v2\/posts"}],"about":[{"href":"https:\/\/dimensionturistica.com\/es\/wp-json\/wp\/v2\/types\/post"}],"author":[{"embeddable":true,"href":"https:\/\/dimensionturistica.com\/es\/wp-json\/wp\/v2\/users\/4"}],"replies":[{"embeddable":true,"href":"https:\/\/dimensionturistica.com\/es\/wp-json\/wp\/v2\/comments?post=1133012"}],"version-history":[{"count":1,"href":"https:\/\/dimensionturistica.com\/es\/wp-json\/wp\/v2\/posts\/1133012\/revisions"}],"predecessor-version":[{"id":1133014,"href":"https:\/\/dimensionturistica.com\/es\/wp-json\/wp\/v2\/posts\/1133012\/revisions\/1133014"}],"wp:featuredmedia":[{"embeddable":true,"href":"https:\/\/dimensionturistica.com\/es\/wp-json\/wp\/v2\/media\/1133013"}],"wp:attachment":[{"href":"https:\/\/dimensionturistica.com\/es\/wp-json\/wp\/v2\/media?parent=1133012"}],"wp:term":[{"taxonomy":"category","embeddable":true,"href":"https:\/\/dimensionturistica.com\/es\/wp-json\/wp\/v2\/categories?post=1133012"},{"taxonomy":"post_tag","embeddable":true,"href":"https:\/\/dimensionturistica.com\/es\/wp-json\/wp\/v2\/tags?post=1133012"}],"curies":[{"name":"wp","href":"https:\/\/api.w.org\/{rel}","templated":true}]}}