{"id":1133009,"date":"2026-03-31T17:00:54","date_gmt":"2026-03-31T17:00:54","guid":{"rendered":"https:\/\/dimensionturistica.com\/es\/?p=1133009"},"modified":"2026-03-31T17:00:54","modified_gmt":"2026-03-31T17:00:54","slug":"el-maniquin-rojo-mini-frances-de-anne-hathaway-demuestra-que-los-detalles-marcan-la-diferencia","status":"publish","type":"post","link":"https:\/\/dimensionturistica.com\/es\/el-maniquin-rojo-mini-frances-de-anne-hathaway-demuestra-que-los-detalles-marcan-la-diferencia\/","title":{"rendered":"El Maniqu\u00edn Rojo Mini-Franc\u00e9s de Anne Hathaway Demuestra que los Detalles Marcan la Diferencia"},"content":{"rendered":"<h3>La Esperada Secuela que Conquistar\u00e1 el Mundo de la Moda<\/h3>\n<p>La moda y el cine nunca han estado tan entrelazados como en los \u00faltimos a\u00f1os, y esta tendencia toma un giro emocionante con el regreso de un \u00edcono de la pantalla grande. La secuela de una de las pel\u00edculas m\u00e1s emblem\u00e1ticas de la d\u00e9cada de 2000 ha generado gran expectativa entre los fan\u00e1ticos y los amantes de la moda. En esta nueva entrega, la protagonista no es otra que una de las actrices m\u00e1s vers\u00e1tiles de Hollywood, quien regresa para retomar su papel de una manera que promete sorprender y deleitar a la audiencia.<\/p>\n<h3>Un Viaje de Estilo y Poder<\/h3>\n<p>Despedirse de un personaje querido no es f\u00e1cil, pero la qu\u00edmica entre los actores principales vuelve a brillar. La narrativa no solo toca aspectos emocionales, sino que tambi\u00e9n se adentra en el fascinante mundo de la moda, esa que puede construir o destruir a una persona. En cada escena, se deslumbran outfits que desaf\u00edan no solo tendencias, sino tambi\u00e9n pron\u00f3sticos, reafirmando la idea de que la moda es una extensi\u00f3n de la personalidad.<\/p>\n<h3>El Renacer del Glamour<\/h3>\n<p>Las claves del \u00e9xito de esta secuela radican en su atenci\u00f3n a los detalles. Desde la selecci\u00f3n de vestuario hasta la colaboraci\u00f3n con dise\u00f1adores de renombre, cada elemento est\u00e1 dise\u00f1ado para cautivar tanto a viejos seguidores como a nuevos espectadores. Las pasarelas se han convertido en el escenario perfecto para esta historia, mostrando c\u00f3mo la moda puede ser una herramienta poderosa en la narrativa de auto-descubrimiento.<\/p>\n<h3>La Influencia de la Moda en la Cultura Pop<\/h3>\n<p>M\u00e1s all\u00e1 de ser un mero espect\u00e1culo visual, la pel\u00edcula tambi\u00e9n plantea reflexiones sobre la industria de la moda en el mundo moderno. Un viaje a trav\u00e9s de dilemas \u00e9ticos, desaf\u00edos e innovaciones que transforman la manera en que vemos y consumimos moda. Esta es una oportunidad dorada para discutir c\u00f3mo las grandes casas de moda y su evoluci\u00f3n impactan en la identidad cultural actual.<\/p>\n<h3>Un Reencuentro que Promete<\/h3>\n<p>El revival de este cl\u00e1sico no solo celebra una historia, sino que tambi\u00e9n recuerda la importancia de la amistad y el empoderamiento femenino en un ambiente donde las mujeres han tenido que luchar para conquistar su lugar. Con un guion ingenioso y personajes que resuenan profundamente, la secuela no solo ser\u00e1 un fest\u00edn visual, sino tambi\u00e9n un testimonio de la evoluci\u00f3n de la mujer en el \u00e1mbito laboral y personal.<\/p>\n<h3>Prepar\u00e1ndonos para el Estreno<\/h3>\n<p>La anticipaci\u00f3n crece, y los aficionados de la moda y el cine est\u00e1n listos para ver c\u00f3mo se desarrollan estas historias. La expectativa es palpante, y a medida que el d\u00eda del estreno se acerca, cada vez m\u00e1s detalles del vestuario y las interacciones entre los personajes se han convertido en tendencia en redes sociales. La pregunta que flota en el aire es: \u00bfestamos listos para un nuevo cap\u00edtulo que promete redefinir la narrativa de la moda en nuestras vidas?<\/p>\n<p>La uni\u00f3n entre cine y moda se fortalece en esta nueva entrega, creando un fen\u00f3meno cultural que seguramente resonar\u00e1 en m\u00faltiples generaciones. Con un gui\u00f1o al pasado y la mirada puesta en el futuro, este estreno se posiciona como un evento que no solo vale la pena ver, sino que tambi\u00e9n invita a reflexionar sobre el impacto de la moda en nuestra identidad y sociedad. \u00a1Prep\u00e1rense para ver c\u00f3mo se desata la magia!<\/p>\n<p><em> &#8221; Fuentes www.vogue.com &#8221; <\/em><\/p>\n","protected":false},"excerpt":{"rendered":"<p>La Esperada Secuela que Conquistar\u00e1 el Mundo de la Moda La moda y el cine nunca han estado tan entrelazados como en los \u00faltimos a\u00f1os, y esta tendencia toma un giro emocionante con el regreso de un \u00edcono de la pantalla grande. La secuela de una de las pel\u00edculas m\u00e1s emblem\u00e1ticas de la d\u00e9cada de [&hellip;]<\/p>\n","protected":false},"author":14,"featured_media":1133010,"comment_status":"open","ping_status":"closed","sticky":false,"template":"","format":"standard","meta":{"om_disable_all_campaigns":false,"jnews-multi-image_gallery":[],"jnews_single_post":[],"jnews_primary_category":[],"jnews_social_meta":[],"footnotes":""},"categories":[144872],"tags":[198603,200440,237,198487,271518,198593,199354,273588,200951,163042,273587,205385],"class_list":["post-1133009","post","type-post","status-publish","format-standard","has-post-thumbnail","hentry","category-fashion","tag-anne-hathaway","tag-beauty-trends","tag-celebrity","tag-celebrity-style","tag-fashion-details","tag-makeup","tag-manicure","tag-micro-french-manicure","tag-nail-art","tag-nails","tag-stiletto-nails","tag-the-devil-wears-prada"],"_links":{"self":[{"href":"https:\/\/dimensionturistica.com\/es\/wp-json\/wp\/v2\/posts\/1133009","targetHints":{"allow":["GET"]}}],"collection":[{"href":"https:\/\/dimensionturistica.com\/es\/wp-json\/wp\/v2\/posts"}],"about":[{"href":"https:\/\/dimensionturistica.com\/es\/wp-json\/wp\/v2\/types\/post"}],"author":[{"embeddable":true,"href":"https:\/\/dimensionturistica.com\/es\/wp-json\/wp\/v2\/users\/14"}],"replies":[{"embeddable":true,"href":"https:\/\/dimensionturistica.com\/es\/wp-json\/wp\/v2\/comments?post=1133009"}],"version-history":[{"count":1,"href":"https:\/\/dimensionturistica.com\/es\/wp-json\/wp\/v2\/posts\/1133009\/revisions"}],"predecessor-version":[{"id":1133011,"href":"https:\/\/dimensionturistica.com\/es\/wp-json\/wp\/v2\/posts\/1133009\/revisions\/1133011"}],"wp:featuredmedia":[{"embeddable":true,"href":"https:\/\/dimensionturistica.com\/es\/wp-json\/wp\/v2\/media\/1133010"}],"wp:attachment":[{"href":"https:\/\/dimensionturistica.com\/es\/wp-json\/wp\/v2\/media?parent=1133009"}],"wp:term":[{"taxonomy":"category","embeddable":true,"href":"https:\/\/dimensionturistica.com\/es\/wp-json\/wp\/v2\/categories?post=1133009"},{"taxonomy":"post_tag","embeddable":true,"href":"https:\/\/dimensionturistica.com\/es\/wp-json\/wp\/v2\/tags?post=1133009"}],"curies":[{"name":"wp","href":"https:\/\/api.w.org\/{rel}","templated":true}]}}