{"id":1132903,"date":"2026-03-31T13:33:41","date_gmt":"2026-03-31T13:33:41","guid":{"rendered":"https:\/\/dimensionturistica.com\/es\/?p=1132903"},"modified":"2026-03-31T13:33:41","modified_gmt":"2026-03-31T13:33:41","slug":"de-chase-infiniti-a-dominic-sessa-de-maria-zardoya-a-pinkpantheress-los-jovenes-actores-y-musicos-a-seguir-en-este-momento-deslumbran-con-su-estilo-elevado","status":"publish","type":"post","link":"https:\/\/dimensionturistica.com\/es\/de-chase-infiniti-a-dominic-sessa-de-maria-zardoya-a-pinkpantheress-los-jovenes-actores-y-musicos-a-seguir-en-este-momento-deslumbran-con-su-estilo-elevado\/","title":{"rendered":"De Chase Infiniti a Dominic Sessa, de Mar\u00eda Zardoya a PinkPantheress, los J\u00f3venes Actores y M\u00fasicos a Seguir en Este Momento Deslumbran con Su Estilo Elevado."},"content":{"rendered":"<h3>Nuevas Voces en el Mundo de la Moda: La Revoluci\u00f3n de los Talentos Emergentes<\/h3>\n<p>En la actualidad, el universo de la moda est\u00e1 experimentando un cambio radical impulsado por nuevas generaciones de dise\u00f1adores que desaf\u00edan las normas establecidas. Las pasarelas y las campa\u00f1as publicitarias ya no son solo el dominio de los nombres consagrados, sino un espacio donde j\u00f3venes creativos est\u00e1n redefiniendo la industria.<\/p>\n<h4>Profesionales que Arrasan<\/h4>\n<p>Entre estos innovadores, varios dise\u00f1adores est\u00e1n ganando notoriedad no solo por su potencial, sino tambi\u00e9n por su habilidad para interpretar la est\u00e9tica contempor\u00e1nea. Sus creaciones no solo apuntan a la belleza visual, sino que son un reflejo de una cultura en constante evoluci\u00f3n, donde la sostenibilidad y la inclusi\u00f3n se convierten en pilares fundamentales.<\/p>\n<h4>Innovaci\u00f3n Sostenible<\/h4>\n<p>Uno de los aspectos m\u00e1s destacables de este nuevo enfoque es el compromiso con la sostenibilidad. Muchos de estos dise\u00f1adores est\u00e1n adoptando pr\u00e1cticas que priorizan la reducci\u00f3n de residuos y la utilizaci\u00f3n de materiales ecol\u00f3gicos. Este giro hacia un modelo m\u00e1s consciente no es solo una tendencia pasajera; se ha convertido en un est\u00e1ndar que los clientes esperan y demandan.<\/p>\n<h4>Diversidad en la Est\u00e9tica<\/h4>\n<p>Adem\u00e1s, la diversidad se ha instalado como un elemento clave en las colecciones de estos j\u00f3venes talentos. Con influencias de diversas culturas y estilos, sus propuestas son un aut\u00e9ntico crisol de creatividad. Esta variedad no solo ofrece nuevas narrativas visuales, sino que tambi\u00e9n crea un espacio donde diferentes identidades y perspectivas son celebradas. <\/p>\n<h4>Plataformas Emergentes<\/h4>\n<p>El uso de las redes sociales y plataformas digitales ha ampliado las oportunidades para que estos talentos lleguen a audiencias globales. Ya no dependen exclusivamente de las grandes casas de moda para ser escuchados; ahora pueden cultivar sus marcas personales y conectar directamente con sus seguidores. Este empoderamiento ha permitido que sus visiones se multipliquen y transcender fronteras.<\/p>\n<h4>Colaboraciones Sin Fronteras<\/h4>\n<p>Las colaboraciones tambi\u00e9n juegan un papel crucial en este renacer de la moda. J\u00f3venes dise\u00f1adores est\u00e1n uniendo fuerzas con artistas, m\u00fasicos y figuras de la cultura pop, creando resultados inesperados que cautivan al p\u00fablico. Estas sinergias no solo enriquecen su trabajo, sino que tambi\u00e9n amplifican su alcance y relevancia en el panorama global.<\/p>\n<h4>Un Futuro Radiante<\/h4>\n<p>A medida que estos dise\u00f1adores siguen ganando terreno, es evidente que estamos ante el inicio de una era en la que la voz de la juventud y su visi\u00f3n del futuro son m\u00e1s importantes que nunca. La moda est\u00e1 en un momento de transformaci\u00f3n que promete ser emocionante, y est\u00e1 claro que los nuevos talentos est\u00e1n listos para dejar su huella.<\/p>\n<p>Este fen\u00f3meno no solo redefine lo que significa ser un dise\u00f1ador hoy en d\u00eda, sino que tambi\u00e9n establece un est\u00e1ndar para la industria: uno donde la creatividad, la sostenibilidad y la diversidad son protagonistas. La pr\u00f3xima colecci\u00f3n podr\u00eda ser creada por alguien que actualmente es un nombre desconocido, pero que, sin duda, est\u00e1 destinado a brillar en el firmamento de la moda. <\/p>\n<p>En este entorno cambiante, la moda se convierte en una plataforma de expresi\u00f3n que invita a todos a participar. As\u00ed, mientras observamos c\u00f3mo se desarrolla esta narrativa, es fundamental estar atentos a los nuevos nombres que est\u00e1n configurando el futuro. La moda nunca ha sido tan vibrante, y el momento de descubrir lo que viene es ahora.<\/p>\n<p><em> &#8221; Fuentes www.vogue.com &#8221; <\/em><\/p>\n","protected":false},"excerpt":{"rendered":"<p>Nuevas Voces en el Mundo de la Moda: La Revoluci\u00f3n de los Talentos Emergentes En la actualidad, el universo de la moda est\u00e1 experimentando un cambio radical impulsado por nuevas generaciones de dise\u00f1adores que desaf\u00edan las normas establecidas. Las pasarelas y las campa\u00f1as publicitarias ya no son solo el dominio de los nombres consagrados, sino [&hellip;]<\/p>\n","protected":false},"author":14,"featured_media":1132904,"comment_status":"open","ping_status":"closed","sticky":false,"template":"","format":"standard","meta":{"om_disable_all_campaigns":false,"jnews-multi-image_gallery":[],"jnews_single_post":[],"jnews_primary_category":[],"jnews_social_meta":[],"footnotes":""},"categories":[144872],"tags":[250696,273571,225,166,28228,242733,214544,198499,224082,217996,198622,217117,372,63859,262354],"class_list":["post-1132903","post","type-post","status-publish","format-standard","has-post-thumbnail","hentry","category-fashion","tag-chase-infiniti","tag-dominic-sessa","tag-entertainment","tag-fashion","tag-magazine","tag-maria-zardoya","tag-musicians","tag-onecolumn","tag-pinkpantheress","tag-rising-stars","tag-splitscreenimagerightinset","tag-storytypenews-trending","tag-style","tag-talent","tag-young-actors"],"_links":{"self":[{"href":"https:\/\/dimensionturistica.com\/es\/wp-json\/wp\/v2\/posts\/1132903","targetHints":{"allow":["GET"]}}],"collection":[{"href":"https:\/\/dimensionturistica.com\/es\/wp-json\/wp\/v2\/posts"}],"about":[{"href":"https:\/\/dimensionturistica.com\/es\/wp-json\/wp\/v2\/types\/post"}],"author":[{"embeddable":true,"href":"https:\/\/dimensionturistica.com\/es\/wp-json\/wp\/v2\/users\/14"}],"replies":[{"embeddable":true,"href":"https:\/\/dimensionturistica.com\/es\/wp-json\/wp\/v2\/comments?post=1132903"}],"version-history":[{"count":1,"href":"https:\/\/dimensionturistica.com\/es\/wp-json\/wp\/v2\/posts\/1132903\/revisions"}],"predecessor-version":[{"id":1132905,"href":"https:\/\/dimensionturistica.com\/es\/wp-json\/wp\/v2\/posts\/1132903\/revisions\/1132905"}],"wp:featuredmedia":[{"embeddable":true,"href":"https:\/\/dimensionturistica.com\/es\/wp-json\/wp\/v2\/media\/1132904"}],"wp:attachment":[{"href":"https:\/\/dimensionturistica.com\/es\/wp-json\/wp\/v2\/media?parent=1132903"}],"wp:term":[{"taxonomy":"category","embeddable":true,"href":"https:\/\/dimensionturistica.com\/es\/wp-json\/wp\/v2\/categories?post=1132903"},{"taxonomy":"post_tag","embeddable":true,"href":"https:\/\/dimensionturistica.com\/es\/wp-json\/wp\/v2\/tags?post=1132903"}],"curies":[{"name":"wp","href":"https:\/\/api.w.org\/{rel}","templated":true}]}}