{"id":1132861,"date":"2026-03-31T10:54:47","date_gmt":"2026-03-31T10:54:47","guid":{"rendered":"https:\/\/dimensionturistica.com\/es\/?p=1132861"},"modified":"2026-03-31T10:54:47","modified_gmt":"2026-03-31T10:54:47","slug":"donde-se-encuentra-rafa-nadal-un-eden-atlantico-reconocido-por-sus-cerdos-nadadores","status":"publish","type":"post","link":"https:\/\/dimensionturistica.com\/es\/donde-se-encuentra-rafa-nadal-un-eden-atlantico-reconocido-por-sus-cerdos-nadadores\/","title":{"rendered":"\u00bfD\u00f3nde se encuentra Rafa Nadal? Un ed\u00e9n atl\u00e1ntico, reconocido por sus cerdos nadadores."},"content":{"rendered":"<h3>Un Refugio de Ensue\u00f1o: La Aventura de Rafa Nadal en el Caribe<\/h3>\n<p>Las escapadas a destinos de ensue\u00f1o son un anhelo com\u00fan entre muchos, y cuando se trata de combinar lujo, naturaleza y un toque de aventura, el Caribe se posiciona como el destino ideal. Este para\u00edso no solo atrae a turistas, sino tambi\u00e9n a celebridades que buscan un respiro de sus vidas ajetreadas. Un ejemplo reciente es el famoso tenista Rafa Nadal, quien ha encontrado en las aguas cristalinas del Caribe un rinc\u00f3n para relajarse y disfrutar de su tiempo libre.<\/p>\n<h4>Un Entorno Natural Inigualable<\/h4>\n<p>El Caribe es famoso por su belleza natural: playas de arena blanca, aguas turquesas y una exuberante vegetaci\u00f3n que parece sacada de una postal. Durante su reciente escapada, Nadal se sumergi\u00f3 en este entorno id\u00edlico, donde las temperaturas c\u00e1lidas y el ambiente relajado ofrecen la oportunidad perfecta para desconectar del bullicio diario.<\/p>\n<h4>Aventura y Diversi\u00f3n<\/h4>\n<p>No todo se trata de descansar bajo el sol. Los destinos caribe\u00f1os ofrecen m\u00faltiples actividades para los aventureros. Desde practicar deportes acu\u00e1ticos como el paddle surf y el buceo, hasta explorar la rica fauna del lugar. Nadal, amante del deporte, encontr\u00f3 actividades para entretenerse, incluso se le vio disfrutando de un inusual encuentro con cerdos nadadores, una atracci\u00f3n peculiar que ha captado la atenci\u00f3n de muchos viajeros.<\/p>\n<h4>Gastronom\u00eda del Caribe<\/h4>\n<p>La experiencia caribe\u00f1a no estar\u00eda completa sin deleitarse con la gastronom\u00eda local. La mezcla de influencias culinarias hace de la comida caribe\u00f1a un fest\u00edn para los sentidos. Con platos que destacan el pescado fresco, las especias y las frutas tropicales, es f\u00e1cil entender por qu\u00e9 los sabores de esta regi\u00f3n son tan aclamados. Nadal no perdi\u00f3 la oportunidad de saborear la cocina aut\u00f3ctona, aquella que deleita a los visitantes con cada bocado.<\/p>\n<h4>Reflexiones en el Para\u00edso<\/h4>\n<p>Adem\u00e1s de ser un h\u00e1bitat para la diversi\u00f3n, el Caribe es un lugar propicio para la meditaci\u00f3n y la introspecci\u00f3n. La paz que se respira en sus costas brinda la oportunidad perfecta para reflexionar sobre la carrera, los logros y los pr\u00f3ximos retos que le esperan a Nadal. Este tipo de viajes no solo son un descanso f\u00edsico, sino tambi\u00e9n una v\u00eda para recargar energ\u00edas y volver con una nueva perspectiva.<\/p>\n<h4>Conclusiones<\/h4>\n<p>En una \u00e9poca donde el estr\u00e9s y las obligaciones pueden dominar nuestras vidas, las escapadas al Caribe, como la de Rafa Nadal, nos recuerdan la importancia de desconectar y disfrutar de los peque\u00f1os placeres. Ya sea explorando su belleza natural, participando en actividades emocionantes o simplemente degustando los sabores locales, el Caribe se erige como un destino ideal para aquellos que buscan un respiro lleno de vida y color. As\u00ed que, cuando planees tu pr\u00f3xima aventura, considera este para\u00edso y sigue los pasos de una de las grandes leyendas del deporte. \u00a1El Caribe te espera!<\/p>\n<p><em> &#8221; Fuentes okdiario.com &#8221; <\/em><\/p>\n","protected":false},"excerpt":{"rendered":"<p>Un Refugio de Ensue\u00f1o: La Aventura de Rafa Nadal en el Caribe Las escapadas a destinos de ensue\u00f1o son un anhelo com\u00fan entre muchos, y cuando se trata de combinar lujo, naturaleza y un toque de aventura, el Caribe se posiciona como el destino ideal. Este para\u00edso no solo atrae a turistas, sino tambi\u00e9n a [&hellip;]<\/p>\n","protected":false},"author":4,"featured_media":1132862,"comment_status":"open","ping_status":"closed","sticky":false,"template":"","format":"standard","meta":{"om_disable_all_campaigns":false,"jnews-multi-image_gallery":[],"jnews_single_post":[],"jnews_primary_category":[],"jnews_social_meta":[],"footnotes":""},"categories":[39],"tags":[16629,1771,70957,708,770,273560,12430,2189,18299,544],"class_list":["post-1132861","post","type-post","status-publish","format-standard","has-post-thumbnail","hentry","category-viajes","tag-atlantico","tag-baleares","tag-cerdos","tag-deportes","tag-espana","tag-nadadores","tag-nadal","tag-naturaleza","tag-paraiso","tag-turismo"],"_links":{"self":[{"href":"https:\/\/dimensionturistica.com\/es\/wp-json\/wp\/v2\/posts\/1132861","targetHints":{"allow":["GET"]}}],"collection":[{"href":"https:\/\/dimensionturistica.com\/es\/wp-json\/wp\/v2\/posts"}],"about":[{"href":"https:\/\/dimensionturistica.com\/es\/wp-json\/wp\/v2\/types\/post"}],"author":[{"embeddable":true,"href":"https:\/\/dimensionturistica.com\/es\/wp-json\/wp\/v2\/users\/4"}],"replies":[{"embeddable":true,"href":"https:\/\/dimensionturistica.com\/es\/wp-json\/wp\/v2\/comments?post=1132861"}],"version-history":[{"count":1,"href":"https:\/\/dimensionturistica.com\/es\/wp-json\/wp\/v2\/posts\/1132861\/revisions"}],"predecessor-version":[{"id":1132863,"href":"https:\/\/dimensionturistica.com\/es\/wp-json\/wp\/v2\/posts\/1132861\/revisions\/1132863"}],"wp:featuredmedia":[{"embeddable":true,"href":"https:\/\/dimensionturistica.com\/es\/wp-json\/wp\/v2\/media\/1132862"}],"wp:attachment":[{"href":"https:\/\/dimensionturistica.com\/es\/wp-json\/wp\/v2\/media?parent=1132861"}],"wp:term":[{"taxonomy":"category","embeddable":true,"href":"https:\/\/dimensionturistica.com\/es\/wp-json\/wp\/v2\/categories?post=1132861"},{"taxonomy":"post_tag","embeddable":true,"href":"https:\/\/dimensionturistica.com\/es\/wp-json\/wp\/v2\/tags?post=1132861"}],"curies":[{"name":"wp","href":"https:\/\/api.w.org\/{rel}","templated":true}]}}