{"id":1132767,"date":"2026-03-31T05:56:55","date_gmt":"2026-03-31T05:56:55","guid":{"rendered":"https:\/\/dimensionturistica.com\/es\/?p=1132767"},"modified":"2026-03-31T05:56:55","modified_gmt":"2026-03-31T05:56:55","slug":"de-lima-a-las-montanas-de-los-andes-con-sus-distantes-antenas-de-comunicacion-este-es-el-recorrido-de-mas-de-9-meses-de-un-ingeniero-en-peru","status":"publish","type":"post","link":"https:\/\/dimensionturistica.com\/es\/de-lima-a-las-montanas-de-los-andes-con-sus-distantes-antenas-de-comunicacion-este-es-el-recorrido-de-mas-de-9-meses-de-un-ingeniero-en-peru\/","title":{"rendered":"De Lima a las Monta\u00f1as de los Andes, con sus distantes antenas de comunicaci\u00f3n, este es el recorrido de m\u00e1s de 9 meses de un ingeniero en Per\u00fa."},"content":{"rendered":"<h3>Un Viaje Inolvidable: La Aventura de un Ingeniero Viettel en los Andes Peruanos<\/h3>\n<p>Imagina un viaje que no solo desaf\u00eda tus l\u00edmites f\u00edsicos, sino que tambi\u00e9n te sumerge en la rica cultura de un pa\u00eds extranjero. Esta es la experiencia vivida por un ingeniero de Viettel que, durante m\u00e1s de nueve meses, se aventur\u00f3 en las alturas de los Andes peruanos para implementar un ambicioso proyecto de telecomunicaciones.<\/p>\n<p>Desde Lima hasta las remotas cumbres andinas, este joven profesional tom\u00f3 una decisi\u00f3n que cambiar\u00eda su vida: dejar atr\u00e1s la comodidad de su hogar para sumergirse en la majestuosidad de un paisaje cuyas monta\u00f1as, de intenso color verde y gris, parecen tocar el cielo. Este viaje no solo estuvo marcado por los desaf\u00edos t\u00e9cnicos, sino tambi\u00e9n por el encuentro con la naturaleza en su forma m\u00e1s pura y la conexi\u00f3n con comunidades que viven en el coraz\u00f3n de los Andes.<\/p>\n<h3>La Riqueza Cultural y Natural de Per\u00fa<\/h3>\n<p>Durante su estancia, el ingeniero no solo se dedic\u00f3 a mejorar la infraestructura de telecomunicaciones en \u00e1reas inaccesibles. Tambi\u00e9n se adentr\u00f3 en la vida cotidiana de los lugare\u00f1os, aprendiendo sobre sus tradiciones, gastronom\u00eda y, sobre todo, su relaci\u00f3n con la tierra. En un mundo donde la tecnolog\u00eda avanza r\u00e1pidamente, fue en estos momentos que redescubri\u00f3 la importancia de la simplicidad y la conexi\u00f3n humana.<\/p>\n<p>Los Andes son conocidos por su diversidad. Cada rinc\u00f3n ofrece un espect\u00e1culo diferente: desde las imponentes monta\u00f1as que se elevan hacia el cielo hasta los vibrantes mercados de los pueblos donde la vida bulle. Aqu\u00ed, los colores de las vestimentas tradicionales contrastan con los tonos terrosos de la naturaleza, creando un paisaje de belleza indescriptible. <\/p>\n<h3>Desaf\u00edos en Altura<\/h3>\n<p>Sin embargo, el camino no fue sencillo. Cada d\u00eda tra\u00eda consigo nuevos desaf\u00edos, desde la altitud que afectaba su rendimiento f\u00edsico hasta las condiciones clim\u00e1ticas impredecibles. Adaptarse a la vida en un entorno rural y a veces inh\u00f3spito requer\u00eda no solo habilidades t\u00e9cnicas, sino tambi\u00e9n resistencia y creatividad. La instalaci\u00f3n de estaciones de se\u00f1al en lugares estrat\u00e9gicos fue un logro que no solo mejor\u00f3 las telecomunicaciones, sino que tambi\u00e9n uni\u00f3 a las comunidades en un intercambio cultural enriquecedor.<\/p>\n<p>La perseverancia fue una constante en su misi\u00f3n. A trav\u00e9s de diversas adversidades, encontr\u00f3 consuelo en la naturaleza que lo rodeaba y en los v\u00ednculos que iba formando con los habitantes locales. Esa conexi\u00f3n no solo se tradujo en haber llevado progreso y comunicaci\u00f3n a lugares olvidados, sino tambi\u00e9n en crear lazos duraderos que perduran m\u00e1s all\u00e1 del tiempo.<\/p>\n<h3>Legado de un Viaje<\/h3>\n<p>Al finalizar su aventura, el ingeniero regres\u00f3 con una mochila repleta de recuerdos y ense\u00f1anzas. Este viaje no solo le permiti\u00f3 dejar una huella en la infraestructura del pa\u00eds sudamericano, sino que tambi\u00e9n lo transform\u00f3 como individuo. La experiencia lo llev\u00f3 a reflexionar sobre el valor de la conexi\u00f3n humana en un mundo cada vez m\u00e1s tecnificado.<\/p>\n<p>Las historias que trae consigo son un recordatorio de que cada viaje, cuando se realiza con un coraz\u00f3n abierto, se convierte en una oportunidad para crecer. La traves\u00eda por los Andes no solo fue un reto profesional; fue una inmersi\u00f3n profunda en la esencia del ser humano, una celebraci\u00f3n de la vida y un homenaje a la belleza inigualable de la naturaleza.<\/p>\n<p>As\u00ed, si est\u00e1s buscando una aventura que no solo llene tus ojos de maravilla, sino que tambi\u00e9n enriquezca tu alma, los Andes peruanos te esperan con los brazos abiertos, listos para revelarte historias que trascienden el tiempo. No olvides que cada paso que des en ese majestuoso entorno puede llevarte a descubrir mucho m\u00e1s que paisajes; puede llevarte a las verdades m\u00e1s profundas de la vida misma.<\/p>\n<p><em> &#8221; Fuentes www.vietnam.vn &#8221; <\/em><\/p>\n","protected":false},"excerpt":{"rendered":"<p>Un Viaje Inolvidable: La Aventura de un Ingeniero Viettel en los Andes Peruanos Imagina un viaje que no solo desaf\u00eda tus l\u00edmites f\u00edsicos, sino que tambi\u00e9n te sumerge en la rica cultura de un pa\u00eds extranjero. Esta es la experiencia vivida por un ingeniero de Viettel que, durante m\u00e1s de nueve meses, se aventur\u00f3 en [&hellip;]<\/p>\n","protected":false},"author":4,"featured_media":1132768,"comment_status":"open","ping_status":"closed","sticky":false,"template":"","format":"standard","meta":{"om_disable_all_campaigns":false,"jnews-multi-image_gallery":[],"jnews_single_post":[],"jnews_primary_category":[],"jnews_social_meta":[],"footnotes":""},"categories":[39],"tags":[13687,26811,53097,56308,273535,14519,767,725,23638,273537,6593,681,273536],"class_list":["post-1132767","post","type-post","status-publish","format-standard","has-post-thumbnail","hentry","category-viajes","tag-aventura","tag-cordillera-de-los-andes","tag-emisora","tag-exploracion","tag-hecho-en-vietnam","tag-ingenieria","tag-peru","tag-tecnologia","tag-telecomunicaciones","tag-torres-de-telefonia","tag-trabajo-en-el-extranjero","tag-viaje","tag-viettel"],"_links":{"self":[{"href":"https:\/\/dimensionturistica.com\/es\/wp-json\/wp\/v2\/posts\/1132767","targetHints":{"allow":["GET"]}}],"collection":[{"href":"https:\/\/dimensionturistica.com\/es\/wp-json\/wp\/v2\/posts"}],"about":[{"href":"https:\/\/dimensionturistica.com\/es\/wp-json\/wp\/v2\/types\/post"}],"author":[{"embeddable":true,"href":"https:\/\/dimensionturistica.com\/es\/wp-json\/wp\/v2\/users\/4"}],"replies":[{"embeddable":true,"href":"https:\/\/dimensionturistica.com\/es\/wp-json\/wp\/v2\/comments?post=1132767"}],"version-history":[{"count":1,"href":"https:\/\/dimensionturistica.com\/es\/wp-json\/wp\/v2\/posts\/1132767\/revisions"}],"predecessor-version":[{"id":1132769,"href":"https:\/\/dimensionturistica.com\/es\/wp-json\/wp\/v2\/posts\/1132767\/revisions\/1132769"}],"wp:featuredmedia":[{"embeddable":true,"href":"https:\/\/dimensionturistica.com\/es\/wp-json\/wp\/v2\/media\/1132768"}],"wp:attachment":[{"href":"https:\/\/dimensionturistica.com\/es\/wp-json\/wp\/v2\/media?parent=1132767"}],"wp:term":[{"taxonomy":"category","embeddable":true,"href":"https:\/\/dimensionturistica.com\/es\/wp-json\/wp\/v2\/categories?post=1132767"},{"taxonomy":"post_tag","embeddable":true,"href":"https:\/\/dimensionturistica.com\/es\/wp-json\/wp\/v2\/tags?post=1132767"}],"curies":[{"name":"wp","href":"https:\/\/api.w.org\/{rel}","templated":true}]}}