{"id":1132719,"date":"2026-03-31T03:10:49","date_gmt":"2026-03-31T03:10:49","guid":{"rendered":"https:\/\/dimensionturistica.com\/es\/?p=1132719"},"modified":"2026-03-31T03:10:49","modified_gmt":"2026-03-31T03:10:49","slug":"amina-martinez-de-irujo-revela-su-pasion-por-los-viajes-y-lanza-su-carrera-como-modelo-principiante","status":"publish","type":"post","link":"https:\/\/dimensionturistica.com\/es\/amina-martinez-de-irujo-revela-su-pasion-por-los-viajes-y-lanza-su-carrera-como-modelo-principiante\/","title":{"rendered":"Amina Mart\u00ednez de Irujo revela su pasi\u00f3n por los viajes y lanza su carrera como modelo principiante."},"content":{"rendered":"<h3>Descubriendo el Mundo a Trav\u00e9s de los Ojos de una Influencer<\/h3>\n<p>En la era digital, las redes sociales han transformado nuestras percepciones de la belleza y el estilo de vida. Entre las figuras que brillan en este nuevo escenario se encuentra Amina Mart\u00ednez de Irujo, quien ha decidido compartir su pasi\u00f3n por viajar de una manera vibrante y aut\u00e9ntica. Con un enfoque fresco, esta modelo amateur ha sacudido el polvo de la discreci\u00f3n para mostrarnos un mundo lleno de matices.<\/p>\n<p>Mart\u00ednez de Irujo ha tomado las riendas de su narrativa, rompiendo moldes tradicionales y convirtiendo sus experiencias de viaje en un diario visual que invita a sus seguidores a explorar. A trav\u00e9s de su cuenta en Instagram, cada publicaci\u00f3n se convierte en una ventana a destinos ex\u00f3ticos y aventuras culturales. Este nuevo enfoque no solo celebra la belleza de cada lugar, sino que tambi\u00e9n refleja su deseo profundo de conectar con el mundo.<\/p>\n<p>Su pasi\u00f3n por la fotograf\u00eda y la moda se entrelazan de forma magistral, haciendo que cada imagen cuente una historia. Desde playas id\u00edlicas en el Mediterr\u00e1neo hasta bulliciosas calles de ciudades cosmopolitas, cada rinc\u00f3n que captura destila un estilo \u00fanico. Amina no solo busca resaltar los aspectos visuales de sus viajes; su objetivo es transmitir emociones y experiencias que resuenen en sus seguidores.<\/p>\n<p>A medida que la influencer se atreve a ser m\u00e1s abierta, tambi\u00e9n comparte relatos personales que a\u00f1aden una capa de profundidad a su contenido. Describe no solo los lugares que ha visitado, sino tambi\u00e9n los encuentros significativos que han transformado su percepci\u00f3n del mundo. Este enfoque humano y honesto es lo que realmente hace que su perfil destaque entre la multitud.<\/p>\n<p>Los seguidores de Amina encuentran en su viaje una invitaci\u00f3n a explorar y a vivir la aventura. Sus recomendaciones van desde restaurantes escondidos hasta actividades singulares que revelan la esencia de los lugares que visita. Con una sensibilidad especial hacia la cultura local, ella alienta a sus seguidores a involucrarse y entender cada destino en su totalidad.<\/p>\n<p>En un mundo donde las im\u00e1genes parecen perfeccionarse digitalmente, el enfoque aut\u00e9ntico de Mart\u00ednez de Irujo invita a reflexionar sobre la verdadera esencia del viaje. Cada rinc\u00f3n del planeta tiene su propia historia que contar, y Amina act\u00faa como la narradora que nos gu\u00eda a trav\u00e9s de ellas, ayud\u00e1ndonos a apreciar tanto los destinos como los momentos vividos.<\/p>\n<p>Por otro lado, su trayectoria tambi\u00e9n resalta la importancia del empoderamiento personal. Al mostrar su proceso creativo y su evoluci\u00f3n como modelo, motiva a otros a abrazar su propio camino y a no temer mostrar su verdadera esencia. La autenticidad, como ella demuestra, puede ser la mayor fuente de belleza.<\/p>\n<p>En resumen, Amina Mart\u00ednez de Irujo no solo es una viajera; es una narradora visual que empodera a su audiencia. Su inclinaci\u00f3n por la exploraci\u00f3n y la conexi\u00f3n cultural transforma su perfil en algo m\u00e1s que una mera colecci\u00f3n de fotos; se convierte en un espacio de inspiraci\u00f3n y descubrimiento. Nos recuerda que el mundo es vasto y siempre est\u00e1 a la espera de ser explorado, invit\u00e1ndonos a salir y vivir nuestras propias aventuras.<\/p>\n<p><em> &#8221; Fuentes www.vanitatis.elconfidencial.com &#8221; <\/em><\/p>\n","protected":false},"excerpt":{"rendered":"<p>Descubriendo el Mundo a Trav\u00e9s de los Ojos de una Influencer En la era digital, las redes sociales han transformado nuestras percepciones de la belleza y el estilo de vida. Entre las figuras que brillan en este nuevo escenario se encuentra Amina Mart\u00ednez de Irujo, quien ha decidido compartir su pasi\u00f3n por viajar de una [&hellip;]<\/p>\n","protected":false},"author":4,"featured_media":1132720,"comment_status":"open","ping_status":"closed","sticky":false,"template":"","format":"standard","meta":{"om_disable_all_campaigns":false,"jnews-multi-image_gallery":[],"jnews_single_post":[],"jnews_primary_category":[],"jnews_social_meta":[],"footnotes":""},"categories":[39],"tags":[273522,131609,65130,1720,200510,9624,659,273523,2007,545],"class_list":["post-1132719","post","type-post","status-publish","format-standard","has-post-thumbnail","hentry","category-viajes","tag-amina-martinez-de-irujo","tag-celebridad","tag-discrecion","tag-estilo-de-vida","tag-estilo-personal","tag-influencers","tag-moda","tag-modelo-amateur","tag-redes-sociales","tag-viajes"],"_links":{"self":[{"href":"https:\/\/dimensionturistica.com\/es\/wp-json\/wp\/v2\/posts\/1132719","targetHints":{"allow":["GET"]}}],"collection":[{"href":"https:\/\/dimensionturistica.com\/es\/wp-json\/wp\/v2\/posts"}],"about":[{"href":"https:\/\/dimensionturistica.com\/es\/wp-json\/wp\/v2\/types\/post"}],"author":[{"embeddable":true,"href":"https:\/\/dimensionturistica.com\/es\/wp-json\/wp\/v2\/users\/4"}],"replies":[{"embeddable":true,"href":"https:\/\/dimensionturistica.com\/es\/wp-json\/wp\/v2\/comments?post=1132719"}],"version-history":[{"count":1,"href":"https:\/\/dimensionturistica.com\/es\/wp-json\/wp\/v2\/posts\/1132719\/revisions"}],"predecessor-version":[{"id":1132721,"href":"https:\/\/dimensionturistica.com\/es\/wp-json\/wp\/v2\/posts\/1132719\/revisions\/1132721"}],"wp:featuredmedia":[{"embeddable":true,"href":"https:\/\/dimensionturistica.com\/es\/wp-json\/wp\/v2\/media\/1132720"}],"wp:attachment":[{"href":"https:\/\/dimensionturistica.com\/es\/wp-json\/wp\/v2\/media?parent=1132719"}],"wp:term":[{"taxonomy":"category","embeddable":true,"href":"https:\/\/dimensionturistica.com\/es\/wp-json\/wp\/v2\/categories?post=1132719"},{"taxonomy":"post_tag","embeddable":true,"href":"https:\/\/dimensionturistica.com\/es\/wp-json\/wp\/v2\/tags?post=1132719"}],"curies":[{"name":"wp","href":"https:\/\/api.w.org\/{rel}","templated":true}]}}