{"id":1132687,"date":"2026-03-31T01:35:46","date_gmt":"2026-03-31T01:35:46","guid":{"rendered":"https:\/\/dimensionturistica.com\/es\/?p=1132687"},"modified":"2026-03-31T01:35:46","modified_gmt":"2026-03-31T01:35:46","slug":"novedades-de-primavera-2026-en-banana-republic-desde-prendas-de-abrigo-hasta-jeans","status":"publish","type":"post","link":"https:\/\/dimensionturistica.com\/es\/novedades-de-primavera-2026-en-banana-republic-desde-prendas-de-abrigo-hasta-jeans\/","title":{"rendered":"Novedades de Primavera 2026 en Banana Republic: Desde Prendas de Abrigo hasta Jeans"},"content":{"rendered":"<h3>La Transformaci\u00f3n de Banana Republic: Primavera 2026<\/h3>\n<p>En el vibrante mundo de la moda, algunas marcas logran reinventarse constantemente, capturando la esencia de cada temporada. Este es el caso de Banana Republic, que para la primavera de 2026, ha propuesto una colecci\u00f3n que fusiona elegancia y modernidad en un despliegue visual que no pasar\u00e1 desapercibido.<\/p>\n<h4>Color y Textura: Un Viaje Sensorial<\/h4>\n<p>La nueva colecci\u00f3n abraza una paleta audaz y refrescante. Los tonos c\u00e1lidos y vibrantes, como el terracota y el azul intenso, se combinan con neutros que evocan la serenidad de la naturaleza. Esta elecci\u00f3n responde a una b\u00fasqueda por conectar con el entorno, invitando a los consumidores a sumergirse en un viaje sensorial a trav\u00e9s de cada prenda.<\/p>\n<p>Las texturas juegan un papel fundamental en esta colecci\u00f3n. La mezcla de tejidos suaves y estructurados ofrece una experiencia t\u00e1ctil \u00fanica. Vestidos fluidos y pantalones de siluetas definidas se enlazan en un di\u00e1logo entre lo c\u00f3modo y lo sofisticado, representando un equilibrio perfecto para las chicas contempor\u00e1neas.<\/p>\n<h4>Siluetas Refinadas: Modernidad y Funcionalidad<\/h4>\n<p>La colecci\u00f3n tambi\u00e9n destaca por su atenta atenci\u00f3n a las siluetas. Los cortes son estrat\u00e9gicos: l\u00edneas limpias que realzan la figura sin sacrificar la comodidad. Prendas que se adaptan a la perfecci\u00f3n tanto para una reuni\u00f3n formal como para un brunch con amigas.<\/p>\n<p>Cada pieza se convierte en un lienzo donde la modernidad de la moda se encuentra con la funcionalidad del d\u00eda a d\u00eda. Chaquetas ligeras, blusas con detalles arquitect\u00f3nicos y pantalones de corte recto configuran un guardarropa vers\u00e1til, ideal para cualquier ocasi\u00f3n.<\/p>\n<h4>Accesorios: El Toque Final<\/h4>\n<p>Los accesorios de esta temporada son un homenaje a la simplicidad llevada a la excelencia. Complementos minimalistas que a\u00f1aden un toque de sofisticaci\u00f3n sin eclipsar el conjunto. Desde pa\u00f1uelos de seda que pueden transformarse en una diadema hasta bolsos estructurados que tienen el tama\u00f1o perfecto para guardar lo esencial, cada detalle ha sido cuidadosamente dise\u00f1ado.<\/p>\n<h4>Inclusividad en Cada Costura<\/h4>\n<p>Banana Republic no solo se ha enfocado en el estilo, sino tambi\u00e9n en la inclusividad. La colecci\u00f3n abarca una amplia gama de tallas, asegurando que cada persona pueda encontrar una prenda que se ajuste a su cuerpo y a su estilo personal. Esta atenci\u00f3n al detalle refleja un compromiso con la diversidad y la representaci\u00f3n en el mundo de la moda.<\/p>\n<h4>Conclusi\u00f3n<\/h4>\n<p>La primavera de 2026 promete ser un hito para Banana Republic. La colecci\u00f3n combina audacia y sutileza, creando un puente entre el clasicismo y las tendencias contempor\u00e1neas. Con su paleta de colores vibrantes, texturas intrigantes y siluetas vers\u00e1tiles, esta l\u00ednea no solo se presenta como un impulso para el vestuario primaveral, sino como una invitaci\u00f3n a explorar y celebrar la moda desde una perspectiva innovadora y accesible. <\/p>\n<p>Sin duda, esta temporada marcar\u00e1 un nuevo cap\u00edtulo en la narrativa de la marca, atrayendo a una audiencia cada vez m\u00e1s amplia que busca autenticidad y estilo en cada prenda. \u00a1Prep\u00e1rate para experimentar la primavera con Banana Republic!<\/p>\n<p><em> &#8221; Fuentes www.vogue.com &#8221; <\/em><\/p>\n","protected":false},"excerpt":{"rendered":"<p>La Transformaci\u00f3n de Banana Republic: Primavera 2026 En el vibrante mundo de la moda, algunas marcas logran reinventarse constantemente, capturando la esencia de cada temporada. Este es el caso de Banana Republic, que para la primavera de 2026, ha propuesto una colecci\u00f3n que fusiona elegancia y modernidad en un despliegue visual que no pasar\u00e1 desapercibido. [&hellip;]<\/p>\n","protected":false},"author":14,"featured_media":1132688,"comment_status":"open","ping_status":"closed","sticky":false,"template":"","format":"standard","meta":{"om_disable_all_campaigns":false,"jnews-multi-image_gallery":[],"jnews_single_post":[],"jnews_primary_category":[],"jnews_social_meta":[],"footnotes":""},"categories":[144872],"tags":[198537,198594,198536,198535,247411,80520,166,198542,16596,198499,202,218721,170968,217122,273519,198500,241823,373],"class_list":["post-1132687","post","type-post","status-publish","format-standard","has-post-thumbnail","hentry","category-fashion","tag-_commerce","tag-_sensitivecontent","tag-_seo","tag-_syndication_noshow","tag-banana-republic","tag-clothing","tag-fashion","tag-fashion-trends","tag-jeans","tag-onecolumn","tag-shopping","tag-spring-2026","tag-spring-collection","tag-storytypecategory-guide-comparison","tag-style-updates","tag-textabovecenterfullbleed","tag-transitional-outerwear","tag-web"],"_links":{"self":[{"href":"https:\/\/dimensionturistica.com\/es\/wp-json\/wp\/v2\/posts\/1132687","targetHints":{"allow":["GET"]}}],"collection":[{"href":"https:\/\/dimensionturistica.com\/es\/wp-json\/wp\/v2\/posts"}],"about":[{"href":"https:\/\/dimensionturistica.com\/es\/wp-json\/wp\/v2\/types\/post"}],"author":[{"embeddable":true,"href":"https:\/\/dimensionturistica.com\/es\/wp-json\/wp\/v2\/users\/14"}],"replies":[{"embeddable":true,"href":"https:\/\/dimensionturistica.com\/es\/wp-json\/wp\/v2\/comments?post=1132687"}],"version-history":[{"count":1,"href":"https:\/\/dimensionturistica.com\/es\/wp-json\/wp\/v2\/posts\/1132687\/revisions"}],"predecessor-version":[{"id":1132689,"href":"https:\/\/dimensionturistica.com\/es\/wp-json\/wp\/v2\/posts\/1132687\/revisions\/1132689"}],"wp:featuredmedia":[{"embeddable":true,"href":"https:\/\/dimensionturistica.com\/es\/wp-json\/wp\/v2\/media\/1132688"}],"wp:attachment":[{"href":"https:\/\/dimensionturistica.com\/es\/wp-json\/wp\/v2\/media?parent=1132687"}],"wp:term":[{"taxonomy":"category","embeddable":true,"href":"https:\/\/dimensionturistica.com\/es\/wp-json\/wp\/v2\/categories?post=1132687"},{"taxonomy":"post_tag","embeddable":true,"href":"https:\/\/dimensionturistica.com\/es\/wp-json\/wp\/v2\/tags?post=1132687"}],"curies":[{"name":"wp","href":"https:\/\/api.w.org\/{rel}","templated":true}]}}