{"id":1132678,"date":"2026-03-31T01:05:25","date_gmt":"2026-03-31T01:05:25","guid":{"rendered":"https:\/\/dimensionturistica.com\/es\/?p=1132678"},"modified":"2026-03-31T01:05:25","modified_gmt":"2026-03-31T01:05:25","slug":"complemento-unisex-perfecto-para-la-primavera-de-2026","status":"publish","type":"post","link":"https:\/\/dimensionturistica.com\/es\/complemento-unisex-perfecto-para-la-primavera-de-2026\/","title":{"rendered":"Complemento unisex perfecto para la primavera de 2026"},"content":{"rendered":"<h3>Accesorios Esenciales para la Primavera: Un Must-Have para tus Aventuras<\/h3>\n<p>A medida que la primavera asoma, la naturaleza despierta con colores vibrantes y climas agradables, convirtiendo esta estaci\u00f3n en el momento ideal para explorar nuevos destinos. Pero, \u00bfqu\u00e9 ser\u00eda de nuestras aventuras sin los accesorios adecuados que no solo complementan nuestro estilo, sino que tambi\u00e9n optimizan nuestra experiencia? <\/p>\n<p>En este art\u00edculo, te presentamos un accesorio unisex que se ha convertido en el aliado perfecto para los viajeros en esta temporada. Ya sea que planees una escapada a la playa, una caminata por el campo o una visita a una ciudad llena de historia, este \u00edtem no puede faltar en tu maleta.<\/p>\n<h4>Versatilidad y Estilo<\/h4>\n<p>Uno de los grandes atractivos de este accesorio es su versatilidad. Dise\u00f1ado para todos los g\u00e9neros, se adapta a diferentes estilos, lo que lo convierte en el compa\u00f1ero ideal para cualquier atuendo. Imag\u00ednate caminando por un mercado local, disfrutando de un caf\u00e9 en una terraza o explorando senderos naturales, y luciendo un accesorio que no solo realza tu look, sino que tambi\u00e9n proporciona comodidad.<\/p>\n<h4>Funcionalidad ante Todo<\/h4>\n<p>Pero no se trata solo de est\u00e9tica; la funcionalidad es clave. Este accesorio ha sido dise\u00f1ado pensando en las necesidades del viajero moderno. Con caracter\u00edsticas que protegen de las inclemencias del tiempo, como el sol radiante o una ligera brisa, asegura que tu experiencia sea placentera sin importar las condiciones. Adem\u00e1s, su ligereza y portabilidad permiten que lo lleves f\u00e1cilmente en cualquier bolso o mochila, ocupando el m\u00ednimo espacio.<\/p>\n<h4>Impacto en la Experiencia de Viaje<\/h4>\n<p>La elecci\u00f3n del accesorio correcto puede transformar completamente tu viaje. En vez de preocuparte por el clima o como te vas a ver, puedes concentrarte en disfrutar cada momento, capturando recuerdos inolvidables. Tanto si eres un aventurero empedernido como si prefieres un ritmo m\u00e1s relajado, este accesorio se incorpora a tu rutina diaria, haci\u00e9ndote sentir preparado para cualquier eventualidad que pueda surgir.<\/p>\n<h4>Sostenibilidad y Conciencia<\/h4>\n<p>Otro aspecto a considerar es la sostenibilidad. Hoy en d\u00eda, es fundamental elegir productos que respeten el medio ambiente. Optar por un accesorio que sigue principios ecol\u00f3gicos no solo es un paso hacia un turismo m\u00e1s responsable, sino que tambi\u00e9n te permite viajar con una conciencia tranquila. Al elegir bien, contribuyes a mantener los destinos que tanto amamos, asegur\u00e1ndote de que las futuras generaciones tambi\u00e9n puedan disfrutarlos.<\/p>\n<h4>Conclusi\u00f3n<\/h4>\n<p>Cada viaje es una oportunidad para descubrir, aprender y crecer. Equiparte con los accesorios apropiados maximiza tu experiencia y te permite disfrutar del momento. As\u00ed que, antes de hacer las maletas para tu pr\u00f3xima aventura primaveral, aseg\u00farate de incluir este accesorio unisex que combina estilo, funcionalidad y conciencia ecol\u00f3gica. \u00a1La primavera te espera!<\/p>\n<p><em> &#8221; Fuentes columnadigital.com &#8221; <\/em><\/p>\n","protected":false},"excerpt":{"rendered":"<p>Accesorios Esenciales para la Primavera: Un Must-Have para tus Aventuras A medida que la primavera asoma, la naturaleza despierta con colores vibrantes y climas agradables, convirtiendo esta estaci\u00f3n en el momento ideal para explorar nuevos destinos. Pero, \u00bfqu\u00e9 ser\u00eda de nuestras aventuras sin los accesorios adecuados que no solo complementan nuestro estilo, sino que tambi\u00e9n [&hellip;]<\/p>\n","protected":false},"author":4,"featured_media":1132679,"comment_status":"open","ping_status":"closed","sticky":false,"template":"","format":"standard","meta":{"om_disable_all_campaigns":false,"jnews-multi-image_gallery":[],"jnews_single_post":[],"jnews_primary_category":[],"jnews_social_meta":[],"footnotes":""},"categories":[39],"tags":[55723,35453,233985,97392,7758,659,251624,203316,8301,8883,2182,27282,47452],"class_list":["post-1132678","post","type-post","status-publish","format-standard","has-post-thumbnail","hentry","category-viajes","tag-55723","tag-accesorios","tag-columna-digital","tag-dimension-turistica-magazine","tag-estilo","tag-moda","tag-moda-2026","tag-neutro","tag-primavera","tag-regalo","tag-tendencias","tag-unisex","tag-versatil"],"_links":{"self":[{"href":"https:\/\/dimensionturistica.com\/es\/wp-json\/wp\/v2\/posts\/1132678","targetHints":{"allow":["GET"]}}],"collection":[{"href":"https:\/\/dimensionturistica.com\/es\/wp-json\/wp\/v2\/posts"}],"about":[{"href":"https:\/\/dimensionturistica.com\/es\/wp-json\/wp\/v2\/types\/post"}],"author":[{"embeddable":true,"href":"https:\/\/dimensionturistica.com\/es\/wp-json\/wp\/v2\/users\/4"}],"replies":[{"embeddable":true,"href":"https:\/\/dimensionturistica.com\/es\/wp-json\/wp\/v2\/comments?post=1132678"}],"version-history":[{"count":1,"href":"https:\/\/dimensionturistica.com\/es\/wp-json\/wp\/v2\/posts\/1132678\/revisions"}],"predecessor-version":[{"id":1132681,"href":"https:\/\/dimensionturistica.com\/es\/wp-json\/wp\/v2\/posts\/1132678\/revisions\/1132681"}],"wp:featuredmedia":[{"embeddable":true,"href":"https:\/\/dimensionturistica.com\/es\/wp-json\/wp\/v2\/media\/1132679"}],"wp:attachment":[{"href":"https:\/\/dimensionturistica.com\/es\/wp-json\/wp\/v2\/media?parent=1132678"}],"wp:term":[{"taxonomy":"category","embeddable":true,"href":"https:\/\/dimensionturistica.com\/es\/wp-json\/wp\/v2\/categories?post=1132678"},{"taxonomy":"post_tag","embeddable":true,"href":"https:\/\/dimensionturistica.com\/es\/wp-json\/wp\/v2\/tags?post=1132678"}],"curies":[{"name":"wp","href":"https:\/\/api.w.org\/{rel}","templated":true}]}}