{"id":1132590,"date":"2026-03-30T20:52:46","date_gmt":"2026-03-30T20:52:46","guid":{"rendered":"https:\/\/dimensionturistica.com\/es\/?p=1132590"},"modified":"2026-03-30T20:52:46","modified_gmt":"2026-03-30T20:52:46","slug":"convocatoria-a-residentes-y-visitantes-para-explorar-areas-naturales-protegidas-en-guatemala-fomentando-la-conservacion-de-la-biodiversidad-y-el-respeto-a-las-normas-ambientales-durante-la-temporada","status":"publish","type":"post","link":"https:\/\/dimensionturistica.com\/es\/convocatoria-a-residentes-y-visitantes-para-explorar-areas-naturales-protegidas-en-guatemala-fomentando-la-conservacion-de-la-biodiversidad-y-el-respeto-a-las-normas-ambientales-durante-la-temporada\/","title":{"rendered":"Convocatoria a Residentes y Visitantes para Explorar \u00c1reas Naturales Protegidas en Guatemala: Fomentando la Conservaci\u00f3n de la Biodiversidad y el Respeto a las Normas Ambientales Durante la Temporada Festiva"},"content":{"rendered":"<h3>Descubre la Belleza de Guatemala: Turismo Responsable en Semana Santa<\/h3>\n<p>Con la llegada de la Semana Santa, Guatemala se prepara para recibir a turistas amantes de la naturaleza y la cultura. Esta \u00e9poca del a\u00f1o, que combina la devoci\u00f3n religiosa con la oportunidad de explorar paisajes impresionantes, ofrece una experiencia \u00fanica para quienes buscan conectar con la riqueza de este pa\u00eds centroamericano.<\/p>\n<p>El Consejo Nacional de \u00c1reas Protegidas (CONAP) ha lanzado una iniciativa enfocada en promover visitas responsables a las reservas naturales durante esta temporada. \u00bfQu\u00e9 significa esto para el visitante? En primer lugar, se busca conservar la biodiversidad y garantizar que las experiencias tur\u00edsticas no solo sean memorables, sino tambi\u00e9n sostenibles.<\/p>\n<p>Las reservas naturales de Guatemala son verdaderos tesoros. Desde la majestuosidad del Parque Nacional Tikal, con sus antiguas ruinas mayas rodeadas por una frondosa selva tropical, hasta la belleza serena del Lago de Atitl\u00e1n, cada rinc\u00f3n invita a aventureros y amantes de la fotograf\u00eda a sumergirse en su esplendor.<\/p>\n<p><strong>Pr\u00e1cticas de Turismo Responsable<\/strong><\/p>\n<p>El enfoque del CONAP se centra en tres pilares: educaci\u00f3n, respeto y conservaci\u00f3n. Los turistas son alentados a informarse sobre las normas de comportamiento al visitar \u00e1reas protegidas. Esto incluye:<\/p>\n<ol>\n<li>\n<p><strong>Educarse<\/strong>: Conocer sobre las especies de flora y fauna que habitan estas \u00e1reas es esencial. Al hacerlo, los viajeros fomentan un mayor aprecio por el entorno, promoviendo una conexi\u00f3n m\u00e1s profunda con la naturaleza.<\/p>\n<\/li>\n<li>\n<p><strong>Respetar las Normas<\/strong>: Al seguir las indicaciones de los gu\u00edas locales y mantener un comportamiento adecuado, se protege no solo el entorno natural, sino tambi\u00e9n las comunidades que dependen del turismo.<\/p>\n<\/li>\n<li>\n<p><strong>Conservar el Entorno<\/strong>: A trav\u00e9s de pr\u00e1cticas como no dejar residuos y participar en actividades de limpieza, los visitantes pueden contribuir activamente a la preservaci\u00f3n de estos ecosistemas.<\/p>\n<\/li>\n<\/ol>\n<p><strong>Experiencias que Enamoran<\/strong><\/p>\n<p>La Semana Santa es un momento ideal para explorar no solo la flora y fauna, sino tambi\u00e9n la cultura local. Las tradiciones religiosas se entrelazan con actividades tur\u00edsticas, permitiendo a los visitantes disfrutar de procesiones coloridas, gastronom\u00eda t\u00edpica y la calidez de los guatemaltecos.<\/p>\n<p>Algunas de las experiencias m\u00e1s recomendadas incluyen la Ruta de las Flores, que se destaca por su belleza natural y sus pintorescos pueblos. Aqu\u00ed, los viajeros pueden degustar el famoso caf\u00e9 guatemalteco y disfrutar de las impresionantes vistas que ofrecen las monta\u00f1as.<\/p>\n<p><strong>Un Llamado a la Acci\u00f3n<\/strong><\/p>\n<p>El turismo en Guatemala tiene el potencial de ser un motor de desarrollo, siempre que se practique de manera responsable. Al elegir viajar durante la Semana Santa, no solo se disfruta de una puerta hacia el pasado y la espiritualidad, sino que tambi\u00e9n se participa en un esfuerzo global por la sostenibilidad.<\/p>\n<p>En conclusi\u00f3n, Guatemala es un destino m\u00e1gico que promete no solo impresionar, sino tambi\u00e9n inspirar a los viajeros a convertirse en guardianes de su belleza natural y cultural. Un viaje responsable es un viaje que todos podemos disfrutar, asegurando que estas maravillas sigan siendo accesibles para las futuras generaciones. As\u00ed que al planificar tu escape para esta Semana Santa, recuerda: cada paso cuenta. \u00a1Avent\u00farate y descubre lo que Guatemala tiene para ofrecer!<\/p>\n<p><em> &#8221; Fuentes www.infobae.com &#8221; <\/em><\/p>\n","protected":false},"excerpt":{"rendered":"<p>Descubre la Belleza de Guatemala: Turismo Responsable en Semana Santa Con la llegada de la Semana Santa, Guatemala se prepara para recibir a turistas amantes de la naturaleza y la cultura. Esta \u00e9poca del a\u00f1o, que combina la devoci\u00f3n religiosa con la oportunidad de explorar paisajes impresionantes, ofrece una experiencia \u00fanica para quienes buscan conectar [&hellip;]<\/p>\n","protected":false},"author":4,"featured_media":1132591,"comment_status":"open","ping_status":"closed","sticky":false,"template":"","format":"standard","meta":{"om_disable_all_campaigns":false,"jnews-multi-image_gallery":[],"jnews_single_post":[],"jnews_primary_category":[],"jnews_social_meta":[],"footnotes":""},"categories":[39],"tags":[37086,15690,17782,101536,3183,555,19718,273486,2189,273488,10325,135904,273487,199386,2946,600,544,545],"class_list":["post-1132590","post","type-post","status-publish","format-standard","has-post-thumbnail","hentry","category-viajes","tag-areas-protegidas","tag-biodiversidad","tag-conservacion","tag-espacios-naturales","tag-guatemala","tag-instituciones","tag-lago","tag-laguna-chicabal","tag-naturaleza","tag-normas-ambientales","tag-paisaje","tag-periodo-festivo","tag-poster","tag-quetzaltenango","tag-semana-santa","tag-sostenibilidad","tag-turismo","tag-viajes"],"_links":{"self":[{"href":"https:\/\/dimensionturistica.com\/es\/wp-json\/wp\/v2\/posts\/1132590","targetHints":{"allow":["GET"]}}],"collection":[{"href":"https:\/\/dimensionturistica.com\/es\/wp-json\/wp\/v2\/posts"}],"about":[{"href":"https:\/\/dimensionturistica.com\/es\/wp-json\/wp\/v2\/types\/post"}],"author":[{"embeddable":true,"href":"https:\/\/dimensionturistica.com\/es\/wp-json\/wp\/v2\/users\/4"}],"replies":[{"embeddable":true,"href":"https:\/\/dimensionturistica.com\/es\/wp-json\/wp\/v2\/comments?post=1132590"}],"version-history":[{"count":1,"href":"https:\/\/dimensionturistica.com\/es\/wp-json\/wp\/v2\/posts\/1132590\/revisions"}],"predecessor-version":[{"id":1132592,"href":"https:\/\/dimensionturistica.com\/es\/wp-json\/wp\/v2\/posts\/1132590\/revisions\/1132592"}],"wp:featuredmedia":[{"embeddable":true,"href":"https:\/\/dimensionturistica.com\/es\/wp-json\/wp\/v2\/media\/1132591"}],"wp:attachment":[{"href":"https:\/\/dimensionturistica.com\/es\/wp-json\/wp\/v2\/media?parent=1132590"}],"wp:term":[{"taxonomy":"category","embeddable":true,"href":"https:\/\/dimensionturistica.com\/es\/wp-json\/wp\/v2\/categories?post=1132590"},{"taxonomy":"post_tag","embeddable":true,"href":"https:\/\/dimensionturistica.com\/es\/wp-json\/wp\/v2\/tags?post=1132590"}],"curies":[{"name":"wp","href":"https:\/\/api.w.org\/{rel}","templated":true}]}}