{"id":1132578,"date":"2026-03-30T20:13:56","date_gmt":"2026-03-30T20:13:56","guid":{"rendered":"https:\/\/dimensionturistica.com\/es\/?p=1132578"},"modified":"2026-03-30T20:13:56","modified_gmt":"2026-03-30T20:13:56","slug":"se-lleva-a-cabo-la-ceremonia-de-inauguracion-del-nuevo-tui-aria-en-frankfurt","status":"publish","type":"post","link":"https:\/\/dimensionturistica.com\/es\/se-lleva-a-cabo-la-ceremonia-de-inauguracion-del-nuevo-tui-aria-en-frankfurt\/","title":{"rendered":"Se lleva a cabo la ceremonia de inauguraci\u00f3n del nuevo TUI Aria en Frankfurt."},"content":{"rendered":"<h3>Un Nuevo Cap\u00edtulo en el Turismo de Cruceros: El Bautizo del TUI Aria<\/h3>\n<p>Recientemente, la vibrante ciudad de Frankfurt se llen\u00f3 de emoci\u00f3n y glamour al recibir la ceremonia de bautizo del TUI Aria, el m\u00e1s reciente miembro de la flota de cruceros de TUI Cruises. Este evento no solo celebra la llegada de un nuevo barco, sino que tambi\u00e9n marca un hito en la industria del turismo de cruceros, atrayendo la atenci\u00f3n de viajeros de todo el mundo.<\/p>\n<p>La ceremonia, que reuni\u00f3 a personalidades del sector tur\u00edstico, dignatarios y amantes de la navegaci\u00f3n, se llev\u00f3 a cabo en un ambiente festivo que reflejaba la sofisticaci\u00f3n y el estilo del nuevo buque. Con una capacidad para alojar a m\u00e1s de 300 pasajeros, el TUI Aria ofrece una experiencia de viaje \u00fanica, combinando lujo y confort en cada rinc\u00f3n de su dise\u00f1o contempor\u00e1neo.<\/p>\n<p>Desde elegantes camarotes hasta \u00e1reas comunes estrat\u00e9gicamente dise\u00f1adas, el barco promete convertirse en un referente para aquellos que buscan una experiencia de crucero inolvidable. La oferta gastron\u00f3mica, que incluye restaurantes de especialidades y bares tem\u00e1ticos, asegura satisfacer hasta los paladares m\u00e1s exigentes. Sin olvidar su spa, que invita a los viajeros a relajarse despu\u00e9s de un d\u00eda de exploraciones.<\/p>\n<p>Adem\u00e1s de su interior deslumbrante, el TUI Aria navega por destinos cautivadores. Desde ciudades imperiales de Europa Central hasta puertos escondidos en la costa mediterr\u00e1nea, cada itinerario est\u00e1 pensado para ofrecer una mezcla de cultura, historia y paisajes impresionantes. Este enfoque en la creaci\u00f3n de experiencias memorables se posiciona como uno de los grandes atractivos del barco.<\/p>\n<p>La ceremonia de bautizo, cargada de simbolismo y tradici\u00f3n, fue especialmente conmovedora al contar con una madrina de honor que, junto a los capitanes del barco, rompi\u00f3 la tradicional botella de champagne en el casco del TUI Aria, sellando as\u00ed la promesa de aventuras \u00e9picas en el mar. Este rito, que evoca la buena fortuna y el \u00e9xito para nuevas traves\u00edas, a\u00f1ade un sentido de emoci\u00f3n y expectativa entre los futuros pasajeros.<\/p>\n<p>El TUI Aria tambi\u00e9n representa un compromiso con la sostenibilidad. Con tecnolog\u00edas de vanguardia dise\u00f1adas para minimizar su huella ambiental, el barco se alinea con las crecientes demandas de los viajeros conscientes del medio ambiente. Esto no solo garantiza una experiencia m\u00e1s eco-amigable, sino que tambi\u00e9n establece un nuevo est\u00e1ndar en la industria de cruceros.<\/p>\n<p>En resumen, el TUI Aria no es solo un barco; es una ventana a nuevas experiencias y destinos. Con su elegante dise\u00f1o, itinerarios atractivos y un enfoque claro en la sostenibilidad, promete redefinir el concepto de navegar por los mares. Para los entusiastas de los cruceros, este nuevo buque se perfila como una opci\u00f3n imperdible para explorar el mundo desde una perspectiva fresca y emocionante. As\u00ed que, prep\u00e1rense para zarpar; el TUI Aria est\u00e1 listo para llevar a sus pasajeros a vivir el viaje de sus sue\u00f1os.<\/p>\n<p><em> &#8221; Fuentes portalcruceros.cl &#8221; <\/em><\/p>\n","protected":false},"excerpt":{"rendered":"<p>Un Nuevo Cap\u00edtulo en el Turismo de Cruceros: El Bautizo del TUI Aria Recientemente, la vibrante ciudad de Frankfurt se llen\u00f3 de emoci\u00f3n y glamour al recibir la ceremonia de bautizo del TUI Aria, el m\u00e1s reciente miembro de la flota de cruceros de TUI Cruises. Este evento no solo celebra la llegada de un [&hellip;]<\/p>\n","protected":false},"author":4,"featured_media":1132579,"comment_status":"open","ping_status":"closed","sticky":false,"template":"","format":"standard","meta":{"om_disable_all_campaigns":false,"jnews-multi-image_gallery":[],"jnews_single_post":[],"jnews_primary_category":[],"jnews_social_meta":[],"footnotes":""},"categories":[41],"tags":[16478,1527,543,46222,110676,19363,180460,240447,544],"class_list":["post-1132578","post","type-post","status-publish","format-standard","has-post-thumbnail","hentry","category-cruceros","tag-bautizo","tag-ceremonia","tag-cruceros","tag-frankfurt","tag-ig","tag-lanzamiento","tag-nueva-nave","tag-tui-aria","tag-turismo"],"_links":{"self":[{"href":"https:\/\/dimensionturistica.com\/es\/wp-json\/wp\/v2\/posts\/1132578","targetHints":{"allow":["GET"]}}],"collection":[{"href":"https:\/\/dimensionturistica.com\/es\/wp-json\/wp\/v2\/posts"}],"about":[{"href":"https:\/\/dimensionturistica.com\/es\/wp-json\/wp\/v2\/types\/post"}],"author":[{"embeddable":true,"href":"https:\/\/dimensionturistica.com\/es\/wp-json\/wp\/v2\/users\/4"}],"replies":[{"embeddable":true,"href":"https:\/\/dimensionturistica.com\/es\/wp-json\/wp\/v2\/comments?post=1132578"}],"version-history":[{"count":1,"href":"https:\/\/dimensionturistica.com\/es\/wp-json\/wp\/v2\/posts\/1132578\/revisions"}],"predecessor-version":[{"id":1132580,"href":"https:\/\/dimensionturistica.com\/es\/wp-json\/wp\/v2\/posts\/1132578\/revisions\/1132580"}],"wp:featuredmedia":[{"embeddable":true,"href":"https:\/\/dimensionturistica.com\/es\/wp-json\/wp\/v2\/media\/1132579"}],"wp:attachment":[{"href":"https:\/\/dimensionturistica.com\/es\/wp-json\/wp\/v2\/media?parent=1132578"}],"wp:term":[{"taxonomy":"category","embeddable":true,"href":"https:\/\/dimensionturistica.com\/es\/wp-json\/wp\/v2\/categories?post=1132578"},{"taxonomy":"post_tag","embeddable":true,"href":"https:\/\/dimensionturistica.com\/es\/wp-json\/wp\/v2\/tags?post=1132578"}],"curies":[{"name":"wp","href":"https:\/\/api.w.org\/{rel}","templated":true}]}}