{"id":1132523,"date":"2026-03-30T18:13:33","date_gmt":"2026-03-30T18:13:33","guid":{"rendered":"https:\/\/dimensionturistica.com\/es\/?p=1132523"},"modified":"2026-03-30T18:13:33","modified_gmt":"2026-03-30T18:13:33","slug":"alianza-in-mexico-y-gobierno-federal-inician-dialogo-para-modernizar-la-movilidad-en-aeropuertos-del-pais","status":"publish","type":"post","link":"https:\/\/dimensionturistica.com\/es\/alianza-in-mexico-y-gobierno-federal-inician-dialogo-para-modernizar-la-movilidad-en-aeropuertos-del-pais\/","title":{"rendered":"Alianza In M\u00e9xico y Gobierno Federal inician di\u00e1logo para modernizar la movilidad en aeropuertos del pa\u00eds"},"content":{"rendered":"\n<p>Las plataformas digitales de movilidad DiDi, InDrive y Uber, integrantes de Alianza In M\u00e9xico, fueron recibidas el pasado jueves por funcionarios de la Secretar\u00eda de Infraestructura, Comunicaciones y Transportes (SICT) y de la Secretar\u00eda de Gobernaci\u00f3n (SEGOB), para iniciar un proceso de di\u00e1logo orientado a construir una soluci\u00f3n viable para la operaci\u00f3n de todas las modalidades de movilidad en los aeropuertos del pa\u00eds.<\/p>\n\n\n\n<figure class=\"wp-block-gallery has-nested-images columns-default is-cropped wp-block-gallery-1 is-layout-flex wp-block-gallery-is-layout-flex\">\n<figure class=\"wp-block-image size-large\"><img decoding=\"async\" width=\"474\" height=\"129\" data-id=\"1132534\" src=\"https:\/\/dimensionturistica.com\/es\/wp-content\/uploads\/2026\/03\/OIP-1-2.jpeg\" alt=\"\" class=\"wp-image-1132534\" srcset=\"https:\/\/dimensionturistica.com\/es\/wp-content\/uploads\/2026\/03\/OIP-1-2.jpeg 474w, https:\/\/dimensionturistica.com\/es\/wp-content\/uploads\/2026\/03\/OIP-1-2-300x82.jpeg 300w\" sizes=\"(max-width: 474px) 100vw, 474px\" \/><\/figure>\n<\/figure>\n\n\n\n<p>La reuni\u00f3n marc\u00f3 el inicio formal de una mesa de trabajo en la que las plataformas digitales de movilidad y las autoridades trabajar\u00e1n conjuntamente en el dise\u00f1o de soluciones en materia de movilidad terrestre en aeropuertos, que pongan en el centro del di\u00e1logo al usuario y su derecho a elegir y a los conductores y su derecho a trabajar libremente.<\/p>\n\n\n\n<p>Para las empresas que forman Alianza In M\u00e9xico, esta convocatoria representa un paso importante, ya que por mucho tiempo hemos manifestado la necesidad de di\u00e1logo. Tenemos la disposici\u00f3n y responsabilidad para colaborar con las autoridades en el dise\u00f1o de esquemas que garanticen eficiencia, seguridad y accesibilidad para los usuarios de los aeropuertos.<\/p>\n\n\n\n<figure class=\"wp-block-gallery has-nested-images columns-default is-cropped wp-block-gallery-2 is-layout-flex wp-block-gallery-is-layout-flex\">\n<figure class=\"wp-block-image size-large\"><img decoding=\"async\" width=\"500\" height=\"261\" data-id=\"1132536\" src=\"https:\/\/dimensionturistica.com\/es\/wp-content\/uploads\/2026\/03\/5ALIANZ.jpg\" alt=\"\" class=\"wp-image-1132536\" srcset=\"https:\/\/dimensionturistica.com\/es\/wp-content\/uploads\/2026\/03\/5ALIANZ.jpg 500w, https:\/\/dimensionturistica.com\/es\/wp-content\/uploads\/2026\/03\/5ALIANZ-300x157.jpg 300w\" sizes=\"(max-width: 500px) 100vw, 500px\" \/><\/figure>\n<\/figure>\n\n\n\n<p>Si bien se busca una soluci\u00f3n regulatoria de largo plazo, hoy apremia encontrar una soluci\u00f3n inmediata en virtud de que nos encontramos a menos de 80 d\u00edas del inicio de la Copa Mundial de F\u00fatbol, y los aeropuertos del pa\u00eds ser\u00e1n la puerta de entrada de millones de visitantes de M\u00e9xico y del mundo. En ese sentido, es fundamental avanzar en una soluci\u00f3n eficaz en t\u00e9rminos de ubicaci\u00f3n, accesibilidad, seguridad y experiencia del usuario.<\/p>\n\n\n\n<figure class=\"wp-block-gallery has-nested-images columns-default is-cropped wp-block-gallery-3 is-layout-flex wp-block-gallery-is-layout-flex\">\n<figure class=\"wp-block-image size-large\"><img decoding=\"async\" width=\"474\" height=\"63\" data-id=\"1132537\" src=\"https:\/\/dimensionturistica.com\/es\/wp-content\/uploads\/2026\/03\/OIP-22.jpeg\" alt=\"\" class=\"wp-image-1132537\" srcset=\"https:\/\/dimensionturistica.com\/es\/wp-content\/uploads\/2026\/03\/OIP-22.jpeg 474w, https:\/\/dimensionturistica.com\/es\/wp-content\/uploads\/2026\/03\/OIP-22-300x40.jpeg 300w\" sizes=\"(max-width: 474px) 100vw, 474px\" \/><\/figure>\n<\/figure>\n\n\n\n<p>Alianza In M\u00e9xico agradece la disposici\u00f3n de las autoridades y participar\u00e1 en estas mesas con propuestas concretas, basadas en evidencia y en la experiencia operativa del sector en cientos de ciudades y aeropuertos alrededor del mundo. El objetivo es garantizar que los usuarios \u2014turistas, viajeros de negocios, personas con movilidad limitada, familias\u2014 cuenten con opciones de movilidad modernas, seguras y accesibles.<\/p>\n\n\n\n<p>El sector conf\u00eda en que este proceso de di\u00e1logo derivar\u00e1 en acuerdos que beneficien a todas las partes. Alianza In M\u00e9xico seguir\u00e1 informando sobre el avance de estas conversaciones.<\/p>\n","protected":false},"excerpt":{"rendered":"<p>Las plataformas digitales de movilidad DiDi, InDrive y Uber, integrantes de Alianza In M\u00e9xico, fueron recibidas el pasado jueves por funcionarios de la Secretar\u00eda de Infraestructura, Comunicaciones y Transportes (SICT) y de la Secretar\u00eda de Gobernaci\u00f3n (SEGOB), para iniciar un proceso de di\u00e1logo orientado a construir una soluci\u00f3n viable para la operaci\u00f3n de todas las [&hellip;]<\/p>\n","protected":false},"author":1,"featured_media":1132538,"comment_status":"open","ping_status":"closed","sticky":false,"template":"","format":"standard","meta":{"om_disable_all_campaigns":false,"jnews-multi-image_gallery":[],"jnews_single_post":[],"jnews_primary_category":[],"jnews_social_meta":[],"footnotes":""},"categories":[39],"tags":[],"class_list":["post-1132523","post","type-post","status-publish","format-standard","has-post-thumbnail","hentry","category-viajes"],"_links":{"self":[{"href":"https:\/\/dimensionturistica.com\/es\/wp-json\/wp\/v2\/posts\/1132523","targetHints":{"allow":["GET"]}}],"collection":[{"href":"https:\/\/dimensionturistica.com\/es\/wp-json\/wp\/v2\/posts"}],"about":[{"href":"https:\/\/dimensionturistica.com\/es\/wp-json\/wp\/v2\/types\/post"}],"author":[{"embeddable":true,"href":"https:\/\/dimensionturistica.com\/es\/wp-json\/wp\/v2\/users\/1"}],"replies":[{"embeddable":true,"href":"https:\/\/dimensionturistica.com\/es\/wp-json\/wp\/v2\/comments?post=1132523"}],"version-history":[{"count":1,"href":"https:\/\/dimensionturistica.com\/es\/wp-json\/wp\/v2\/posts\/1132523\/revisions"}],"predecessor-version":[{"id":1132539,"href":"https:\/\/dimensionturistica.com\/es\/wp-json\/wp\/v2\/posts\/1132523\/revisions\/1132539"}],"wp:featuredmedia":[{"embeddable":true,"href":"https:\/\/dimensionturistica.com\/es\/wp-json\/wp\/v2\/media\/1132538"}],"wp:attachment":[{"href":"https:\/\/dimensionturistica.com\/es\/wp-json\/wp\/v2\/media?parent=1132523"}],"wp:term":[{"taxonomy":"category","embeddable":true,"href":"https:\/\/dimensionturistica.com\/es\/wp-json\/wp\/v2\/categories?post=1132523"},{"taxonomy":"post_tag","embeddable":true,"href":"https:\/\/dimensionturistica.com\/es\/wp-json\/wp\/v2\/tags?post=1132523"}],"curies":[{"name":"wp","href":"https:\/\/api.w.org\/{rel}","templated":true}]}}