{"id":1132520,"date":"2026-03-30T17:53:55","date_gmt":"2026-03-30T17:53:55","guid":{"rendered":"https:\/\/dimensionturistica.com\/es\/?p=1132520"},"modified":"2026-03-30T17:53:55","modified_gmt":"2026-03-30T17:53:55","slug":"el-bob-frances-de-halle-berry-ideal-para-la-primavera","status":"publish","type":"post","link":"https:\/\/dimensionturistica.com\/es\/el-bob-frances-de-halle-berry-ideal-para-la-primavera\/","title":{"rendered":"El Bob Franc\u00e9s de Halle Berry: Ideal para la Primavera"},"content":{"rendered":"<h2>La Revoluci\u00f3n del Bob: Halle Berry marca tendencia para la primavera de 2026<\/h2>\n<p>La primavera de 2026 parece estar lista para ser la estaci\u00f3n de cambio y renovaci\u00f3n, y mucho se debe a la ic\u00f3nica Halle Berry. La actriz, conocida no solo por su talento actoral sino tambi\u00e9n por su inigualable estilo, ha dado un giro inesperado al mundo de la moda con su \u00faltimo look: un bob que desaf\u00eda todas las convenciones.<\/p>\n<h3>La fuerza del bob: un corte que trasciende \u00e9pocas<\/h3>\n<p>Desde su irrupci\u00f3n en la escena de la moda, el bob ha sido sin\u00f3nimo de elegancia y sofisticaci\u00f3n. Este corte, que ha ido evolucionando con el tiempo, encuentra su lugar perfecto en 2026 gracias a Halle Berry. La actriz ha elegido un bob de l\u00edneas limpias, que enmarca su rostro y resalta su belleza natural. Pero m\u00e1s all\u00e1 de su est\u00e9tica, este estilo representa una declaraci\u00f3n de intenciones: la libertad de redefinir lo que implica ser una mujer en la actualidad.<\/p>\n<h3>Estilo que empodera<\/h3>\n<p>El poder del bob radica en su versatilidad. Halle ha demostrado que puede adaptarse a diversas personalidades y ocasiones, lo que lo convierte en un favorito para aquellos que buscan un cambio audaz. La elecci\u00f3n de este corte no es solo una cuesti\u00f3n de moda, sino tambi\u00e9n un signo de empoderamiento. Es un estilo que lanza el mensaje de que las mujeres pueden (y deben) sentirse poderosas y aut\u00e9nticas.<\/p>\n<h3>Los detalles que marcan la diferencia<\/h3>\n<p>M\u00e1s all\u00e1 del corte en s\u00ed, la manera en que Halle lo ha estilizado es digna de menci\u00f3n. Combinado con un maquillaje fresco que resalta sus rasgos y con prendas que complementan su figura, el look de Berry se posiciona como un referente. Las texturas suaves y los colores vibrantes que elige contrastan idealmente con la est\u00e9tica minimalista del bob, creando un conjunto que es tanto audaz como accesible.<\/p>\n<h3>La influencia de las celebridades en la moda<\/h3>\n<p>El impacto que una figura p\u00fablica como Halle Berry tiene en el \u00e1mbito de la moda es innegable. Cada vez que adopta un nuevo estilo, abre un espacio para la conversaci\u00f3n acerca de la imagen y la identidad contempor\u00e1nea. Las redes sociales explotan con cada aparici\u00f3n suya, creando un efecto domin\u00f3 en la industria de la moda. La actriz, sin quererlo, se convierte en un faro para aquellos que buscan inspiraci\u00f3n en su estilo.<\/p>\n<h3>La comunidad se une al cambio<\/h3>\n<p>Como resultado, el bob de Halle Berry ha suscitado una ola de reacciones en plataformas como Instagram y TikTok. Cada vez m\u00e1s personas optan por este corte, compartiendo sus propias interpretaciones en un fen\u00f3meno que refleja no solo un cambio de look, sino tambi\u00e9n una evoluci\u00f3n cultural. La comunidad fashionista se une al gesto de expresar su individualidad a trav\u00e9s del cabello, un s\u00edmbolo poderoso de autoafirmaci\u00f3n.<\/p>\n<h3>Conclusi\u00f3n<\/h3>\n<p>La primavera de 2026 se perfila como un momento clave en el mundo de la moda, gracias a la influencia de Halle Berry y su emblem\u00e1tico bob. Este corte no solo representa un estilo, es un movimiento hacia la autoconfianza y la celebraci\u00f3n de la identidad. Con cada nuevo look, Halle invita a todos a unirse a la revoluci\u00f3n de la moda, demostrando que a veces, un cambio de peinado puede transformar no solo la apariencia, sino tambi\u00e9n la percepci\u00f3n de uno mismo. Este es solo el comienzo de una temporada que promete ser inolvidable. \u00a1La moda est\u00e1 en constante evoluci\u00f3n, y t\u00fa tambi\u00e9n puedes ser parte de ella!<\/p>\n<p><em> &#8221; Fuentes www.vogue.com &#8221; <\/em><\/p>\n","protected":false},"excerpt":{"rendered":"<p>La Revoluci\u00f3n del Bob: Halle Berry marca tendencia para la primavera de 2026 La primavera de 2026 parece estar lista para ser la estaci\u00f3n de cambio y renovaci\u00f3n, y mucho se debe a la ic\u00f3nica Halle Berry. La actriz, conocida no solo por su talento actoral sino tambi\u00e9n por su inigualable estilo, ha dado un [&hellip;]<\/p>\n","protected":false},"author":14,"featured_media":1132521,"comment_status":"open","ping_status":"closed","sticky":false,"template":"","format":"standard","meta":{"om_disable_all_campaigns":false,"jnews-multi-image_gallery":[],"jnews_single_post":[],"jnews_primary_category":[],"jnews_social_meta":[],"footnotes":""},"categories":[144872],"tags":[200440,204903,198487,273460,64792,89127,222020,89129,222351,200358],"class_list":["post-1132520","post","type-post","status-publish","format-standard","has-post-thumbnail","hentry","category-fashion","tag-beauty-trends","tag-bobs","tag-celebrity-style","tag-french-bob","tag-hair","tag-haircuts","tag-hairdos","tag-hairstyle","tag-halle-berry","tag-spring-fashion"],"_links":{"self":[{"href":"https:\/\/dimensionturistica.com\/es\/wp-json\/wp\/v2\/posts\/1132520","targetHints":{"allow":["GET"]}}],"collection":[{"href":"https:\/\/dimensionturistica.com\/es\/wp-json\/wp\/v2\/posts"}],"about":[{"href":"https:\/\/dimensionturistica.com\/es\/wp-json\/wp\/v2\/types\/post"}],"author":[{"embeddable":true,"href":"https:\/\/dimensionturistica.com\/es\/wp-json\/wp\/v2\/users\/14"}],"replies":[{"embeddable":true,"href":"https:\/\/dimensionturistica.com\/es\/wp-json\/wp\/v2\/comments?post=1132520"}],"version-history":[{"count":1,"href":"https:\/\/dimensionturistica.com\/es\/wp-json\/wp\/v2\/posts\/1132520\/revisions"}],"predecessor-version":[{"id":1132522,"href":"https:\/\/dimensionturistica.com\/es\/wp-json\/wp\/v2\/posts\/1132520\/revisions\/1132522"}],"wp:featuredmedia":[{"embeddable":true,"href":"https:\/\/dimensionturistica.com\/es\/wp-json\/wp\/v2\/media\/1132521"}],"wp:attachment":[{"href":"https:\/\/dimensionturistica.com\/es\/wp-json\/wp\/v2\/media?parent=1132520"}],"wp:term":[{"taxonomy":"category","embeddable":true,"href":"https:\/\/dimensionturistica.com\/es\/wp-json\/wp\/v2\/categories?post=1132520"},{"taxonomy":"post_tag","embeddable":true,"href":"https:\/\/dimensionturistica.com\/es\/wp-json\/wp\/v2\/tags?post=1132520"}],"curies":[{"name":"wp","href":"https:\/\/api.w.org\/{rel}","templated":true}]}}