{"id":1132470,"date":"2026-03-30T16:10:54","date_gmt":"2026-03-30T16:10:54","guid":{"rendered":"https:\/\/dimensionturistica.com\/es\/?p=1132470"},"modified":"2026-03-30T16:10:54","modified_gmt":"2026-03-30T16:10:54","slug":"coleccion-otono-2026-de-ao-yes-en-shanghai-innovacion-y-estilo-en-la-pasarela","status":"publish","type":"post","link":"https:\/\/dimensionturistica.com\/es\/coleccion-otono-2026-de-ao-yes-en-shanghai-innovacion-y-estilo-en-la-pasarela\/","title":{"rendered":"Colecci\u00f3n Oto\u00f1o 2026 de Ao Yes en Shangh\u00e1i: Innovaci\u00f3n y Estilo en la Pasarela"},"content":{"rendered":"<p><strong>La Vanguardia de la Moda: Ao Yes y su Impacto en la Pasarela de Oto\u00f1o 2026<\/strong><\/p>\n<p>La escena de la moda en Shanghai se prepara para un despliegue de creatividad y audacia que ha dejado una marca indeleble en la industria. En este contexto, la colecci\u00f3n presentada por Ao Yes ha resaltado como un faro de innovaci\u00f3n, desafiando convenciones y llevando la interpretaci\u00f3n del estilo urbano a nuevas alturas.<\/p>\n<p><strong>Una Paleta de Colores Sorprendente<\/strong><\/p>\n<p>La colecci\u00f3n se caracteriza por su audaz uso de colores vibrantes que evocan emociones y narrativas poderosas. Tonos saturados, desde el magenta hasta el verde esmeralda, se combinan con matices m\u00e1s sutiles, creando un contraste din\u00e1mico que atrae la mirada y estimula la imaginaci\u00f3n. Esta elecci\u00f3n crom\u00e1tica no solo es visualmente impresionante, sino que tambi\u00e9n refleja un profundo entendimiento del estado emocional contempor\u00e1neo.<\/p>\n<p><strong>Texturas y Siluetas que Desaf\u00edan Normas<\/strong><\/p>\n<p>Los dise\u00f1os de Ao Yes reimaginan las siluetas tradicionales, incorporando elementos de fluides y rigidez para crear estilos que fluyen con el cuerpo. Las capas superpuestas y las formas asim\u00e9tricas desaf\u00edan la rigidez del vestuario convencional, capturando la esencia del movimiento y la libertad. Esta fusi\u00f3n de texturas, que combina tejidos suaves con materiales m\u00e1s estructurados, invita al espectador a reflexionar sobre la dualidad de la vida moderna.<\/p>\n<p><strong>La Influencia del Arte en la Moda<\/strong><\/p>\n<p>La inspiraci\u00f3n art\u00edstica es un hilo conductor en esta colecci\u00f3n, donde cada pieza se presenta casi como una obra maestra. Referencias a pintores contempor\u00e1neos y cl\u00e1sicos emergen en patrones y detalles, creando una conversaci\u00f3n entre el arte y la moda que invita al espectador a explorar m\u00e1s all\u00e1 de la superficie. Cada dise\u00f1o tiene un mensaje, una historia urdida en la tela que resuena con la cultura actual.<\/p>\n<p><strong>Accesorios que Cuentan Historias<\/strong><\/p>\n<p>No solo las prendas son protagonistas; los accesorios complementan y elevan cada look. Desde bolsos de formas geom\u00e9tricas hasta calzado que desaf\u00eda las expectativas, cada elemento est\u00e1 dise\u00f1ado para a\u00f1adir una capa de narraci\u00f3n. Estos detalles cuidadosamente elaborados no solo acent\u00faan la est\u00e9tica general, sino que tambi\u00e9n aportan funcionalidad y practicidad, aspectos imprescindibles en el vestuario moderno.<\/p>\n<p><strong>Pasarela: Un Espacio de Inclusi\u00f3n y Diversidad<\/strong><\/p>\n<p>La presentaci\u00f3n de esta colecci\u00f3n va m\u00e1s all\u00e1 de la moda; es un manifiesto sobre la inclusi\u00f3n y la diversidad. Modelos de diferentes or\u00edgenes y estilos ocupan el centro del escenario, celebrando la individualidad y el empoderamiento. Este enfoque rompe estereotipos y redefine lo que significa ser parte del mundo de la alta costura, enviando un mensaje potente sobre la aceptaci\u00f3n y la belleza en todas sus formas.<\/p>\n<p><strong>M\u00e1s All\u00e1 de la Pasarela<\/strong><\/p>\n<p>Ao Yes no solo establece tendencia en el vestuario, tambi\u00e9n se posiciona como un referente en la evoluci\u00f3n de la moda sostenible. La apuesta por materiales reciclados y pr\u00e1cticas \u00e9ticas demuestra que el estilo puede coexistir con la responsabilidad social. Este compromiso no solo inspira a la industria, sino que tambi\u00e9n invita a los consumidores a tomar decisiones m\u00e1s conscientes en su propio vestuario.<\/p>\n<p>La colecci\u00f3n de Ao Yes en la pasarela de Oto\u00f1o 2026 representa una celebraci\u00f3n de la creatividad y la innovaci\u00f3n que resuena en el coraz\u00f3n de la moda contempor\u00e1nea. Con su fusi\u00f3n de arte, diversidad y sostenibilidad, esta propuesta se erige como un ejemplo de c\u00f3mo la industria puede seguir evolucionando, inspirando a dise\u00f1adores y amantes de la moda por igual. Si Shanghai se convierte en un epicentro de la moda, Ao Yes se posiciona indiscutiblemente en su vanguardia.<\/p>\n<p><em> &#8221; Fuentes www.vogue.com &#8221; <\/em><\/p>\n","protected":false},"excerpt":{"rendered":"<p>La Vanguardia de la Moda: Ao Yes y su Impacto en la Pasarela de Oto\u00f1o 2026 La escena de la moda en Shanghai se prepara para un despliegue de creatividad y audacia que ha dejado una marca indeleble en la industria. En este contexto, la colecci\u00f3n presentada por Ao Yes ha resaltado como un faro [&hellip;]<\/p>\n","protected":false},"author":14,"featured_media":1132471,"comment_status":"open","ping_status":"closed","sticky":false,"template":"","format":"standard","meta":{"om_disable_all_campaigns":false,"jnews-multi-image_gallery":[],"jnews_single_post":[],"jnews_primary_category":[],"jnews_social_meta":[],"footnotes":""},"categories":[144872],"tags":[216878,130092,80520,18839,29821,253544,166,160411,192704,157520,94447,200339,31908,273252,372,205820,6194],"class_list":["post-1132470","post","type-post","status-publish","format-standard","has-post-thumbnail","hentry","category-fashion","tag-ao-yes","tag-apparel","tag-clothing","tag-collection","tag-design","tag-fall-2026","tag-fashion","tag-fashion-week","tag-haute-couture","tag-preview","tag-runway","tag-runway_review","tag-shanghai","tag-shanghai-fall-2026","tag-style","tag-textile","tag-trends"],"_links":{"self":[{"href":"https:\/\/dimensionturistica.com\/es\/wp-json\/wp\/v2\/posts\/1132470","targetHints":{"allow":["GET"]}}],"collection":[{"href":"https:\/\/dimensionturistica.com\/es\/wp-json\/wp\/v2\/posts"}],"about":[{"href":"https:\/\/dimensionturistica.com\/es\/wp-json\/wp\/v2\/types\/post"}],"author":[{"embeddable":true,"href":"https:\/\/dimensionturistica.com\/es\/wp-json\/wp\/v2\/users\/14"}],"replies":[{"embeddable":true,"href":"https:\/\/dimensionturistica.com\/es\/wp-json\/wp\/v2\/comments?post=1132470"}],"version-history":[{"count":1,"href":"https:\/\/dimensionturistica.com\/es\/wp-json\/wp\/v2\/posts\/1132470\/revisions"}],"predecessor-version":[{"id":1132472,"href":"https:\/\/dimensionturistica.com\/es\/wp-json\/wp\/v2\/posts\/1132470\/revisions\/1132472"}],"wp:featuredmedia":[{"embeddable":true,"href":"https:\/\/dimensionturistica.com\/es\/wp-json\/wp\/v2\/media\/1132471"}],"wp:attachment":[{"href":"https:\/\/dimensionturistica.com\/es\/wp-json\/wp\/v2\/media?parent=1132470"}],"wp:term":[{"taxonomy":"category","embeddable":true,"href":"https:\/\/dimensionturistica.com\/es\/wp-json\/wp\/v2\/categories?post=1132470"},{"taxonomy":"post_tag","embeddable":true,"href":"https:\/\/dimensionturistica.com\/es\/wp-json\/wp\/v2\/tags?post=1132470"}],"curies":[{"name":"wp","href":"https:\/\/api.w.org\/{rel}","templated":true}]}}