{"id":1132447,"date":"2026-03-30T15:32:44","date_gmt":"2026-03-30T15:32:44","guid":{"rendered":"https:\/\/dimensionturistica.com\/es\/?p=1132447"},"modified":"2026-03-30T15:32:44","modified_gmt":"2026-03-30T15:32:44","slug":"explora-las-maravillas-de-gran-canaria-guia-completa-de-turismo","status":"publish","type":"post","link":"https:\/\/dimensionturistica.com\/es\/explora-las-maravillas-de-gran-canaria-guia-completa-de-turismo\/","title":{"rendered":"Explora las Maravillas de Gran Canaria: Gu\u00eda Completa de Turismo"},"content":{"rendered":"<p><strong>Descubre Gran Canaria: Un Destino en Evoluci\u00f3n<\/strong><\/p>\n<p>Gran Canaria, una de las joyas del archipi\u00e9lago canario, se prepara para una temporada de verano inolvidable. Con la mirada puesta en el crecimiento del turismo, la isla no solo busca atraer a m\u00e1s visitantes, sino tambi\u00e9n enriquecer la experiencia de quienes eligen este destino para sus vacaciones.<\/p>\n<h3>Innovaci\u00f3n y Sostenibilidad<\/h3>\n<p>La isla ha dado pasos significativos hacia la modernizaci\u00f3n de sus infraestructuras tur\u00edsticas. Desde la mejora de los servicios de transporte hasta la creaci\u00f3n de nuevas rutas que conectan los rincones m\u00e1s encantadores y ex\u00f3ticos, la apuesta es clara: ofrecer a los viajeros una experiencia integral, sostenible y memorable. Este enfoque no solo favorecer\u00e1 a los turistas, sino que tambi\u00e9n beneficiar\u00e1 a la comunidad local, creando empleo y fomentando un turismo responsable.<\/p>\n<h3>Diversidad de Experiencias<\/h3>\n<p>Gran Canaria es conocida por su diversidad de paisajes: playas de arena dorada, monta\u00f1as imponentes y una naturaleza exuberante que invita a la aventura. Este verano, la isla se prepara para atraer a turistas de todas las edades y gustos. Desde actividades acu\u00e1ticas en sus aguas cristalinas hasta senderismo en rutas que cruzan la espectacular geograf\u00eda de la isla, hay opciones para cada tipo de viajero.<\/p>\n<p>Adem\u00e1s, la rica cultura canaria se hace presente en festivales y eventos que destacan la gastronom\u00eda local, la m\u00fasica y las tradiciones. Degustar un plato de papas arrugadas con mojo pic\u00f3n o disfrutar de una noche de folklore en un entorno emblem\u00e1tico son experiencias que no puedes perderte.<\/p>\n<h3>Un Futuro Prometedor<\/h3>\n<p>El compromiso de Gran Canaria por seguir siendo un destino atractivo es inquebrantable. Las autoridades locales trabajan de la mano con empresarios del sector y comunidades locales para transformar la isla en un lugar a\u00fan m\u00e1s acogedor y pleno de vida. Este esfuerzo conjunto reafirma que Gran Canaria no solo es un lugar donde relajarse bajo el sol, sino un destino que invita a explorar, aprender y conectar con un entorno natural y cultural extraordinario.<\/p>\n<h3>Ven y Descubre Gran Canaria<\/h3>\n<p>As\u00ed que, si est\u00e1s pensando en tus vacaciones, no dudes en considerar Gran Canaria. Este verano, la isla no solo te ofrece playas paradis\u00edacas y un clima envidiable, sino tambi\u00e9n una promesa de innovaci\u00f3n y sostenibilidad que har\u00e1 que tu experiencia sea \u00fanica. Ven y descubre la esencia de Gran Canaria, donde cada rinc\u00f3n cuenta una historia y cada d\u00eda es una nueva oportunidad para aventurarte.<\/p>\n<p>Es el momento perfecto para vivir la magia de Gran Canaria. \u00a1Te esperamos!<\/p>\n<p><em> &#8221; Sources www.grancanaria.com &#8221; <\/em><\/p>\n","protected":false},"excerpt":{"rendered":"<p>Descubre Gran Canaria: Un Destino en Evoluci\u00f3n Gran Canaria, una de las joyas del archipi\u00e9lago canario, se prepara para una temporada de verano inolvidable. Con la mirada puesta en el crecimiento del turismo, la isla no solo busca atraer a m\u00e1s visitantes, sino tambi\u00e9n enriquecer la experiencia de quienes eligen este destino para sus vacaciones. [&hellip;]<\/p>\n","protected":false},"author":4,"featured_media":1132448,"comment_status":"open","ping_status":"closed","sticky":false,"template":"","format":"standard","meta":{"om_disable_all_campaigns":false,"jnews-multi-image_gallery":[],"jnews_single_post":[],"jnews_primary_category":[],"jnews_social_meta":[],"footnotes":""},"categories":[40],"tags":[22978,130008,130007,130013,662,7113,2924,130011,130012,6738,5833,130010,57560,2189,2925,1570,130005,130006,130009,130002,130001,130004,130003,544,130000,129999,129998,1916,545],"class_list":["post-1132447","post","type-post","status-publish","format-standard","has-post-thumbnail","hentry","category-industria","tag-actividades-al-aire-libre","tag-actualidad-turistica-canarias","tag-actualidad-turistica-grancanaria","tag-analisis-turismo-canarias","tag-cultura","tag-destino-turistico","tag-estadisticas","tag-estadisticas-turisticas-canarias","tag-estadisticas-turisticas-grancanaria","tag-gran-canaria","tag-informes","tag-informes-turisticos","tag-mercados-turisticos","tag-naturaleza","tag-ocio","tag-playas","tag-profesionales-turismo-canarias","tag-profesionales-turisticos-grancanaria","tag-renovacion-planta-alojativa","tag-sector-turismo-canarias","tag-sector-turistico-canarias","tag-sector-turistico-gran-canaria","tag-sector-turistico-grancanaria","tag-turismo","tag-turismo-noticias-canarias","tag-turismo-noticias-gran-canaria","tag-turismo-noticias-grancanaria","tag-turismo-responsable","tag-viajes"],"_links":{"self":[{"href":"https:\/\/dimensionturistica.com\/es\/wp-json\/wp\/v2\/posts\/1132447","targetHints":{"allow":["GET"]}}],"collection":[{"href":"https:\/\/dimensionturistica.com\/es\/wp-json\/wp\/v2\/posts"}],"about":[{"href":"https:\/\/dimensionturistica.com\/es\/wp-json\/wp\/v2\/types\/post"}],"author":[{"embeddable":true,"href":"https:\/\/dimensionturistica.com\/es\/wp-json\/wp\/v2\/users\/4"}],"replies":[{"embeddable":true,"href":"https:\/\/dimensionturistica.com\/es\/wp-json\/wp\/v2\/comments?post=1132447"}],"version-history":[{"count":1,"href":"https:\/\/dimensionturistica.com\/es\/wp-json\/wp\/v2\/posts\/1132447\/revisions"}],"predecessor-version":[{"id":1132449,"href":"https:\/\/dimensionturistica.com\/es\/wp-json\/wp\/v2\/posts\/1132447\/revisions\/1132449"}],"wp:featuredmedia":[{"embeddable":true,"href":"https:\/\/dimensionturistica.com\/es\/wp-json\/wp\/v2\/media\/1132448"}],"wp:attachment":[{"href":"https:\/\/dimensionturistica.com\/es\/wp-json\/wp\/v2\/media?parent=1132447"}],"wp:term":[{"taxonomy":"category","embeddable":true,"href":"https:\/\/dimensionturistica.com\/es\/wp-json\/wp\/v2\/categories?post=1132447"},{"taxonomy":"post_tag","embeddable":true,"href":"https:\/\/dimensionturistica.com\/es\/wp-json\/wp\/v2\/tags?post=1132447"}],"curies":[{"name":"wp","href":"https:\/\/api.w.org\/{rel}","templated":true}]}}