{"id":1132414,"date":"2026-03-30T13:51:51","date_gmt":"2026-03-30T13:51:51","guid":{"rendered":"https:\/\/dimensionturistica.com\/es\/?p=1132414"},"modified":"2026-03-30T13:51:51","modified_gmt":"2026-03-30T13:51:51","slug":"disminuye-el-interes-por-los-viajes-veraniegos-entre-ee-uu-y-europa-a-pesar-del-evento-deportivo-de-2026","status":"publish","type":"post","link":"https:\/\/dimensionturistica.com\/es\/disminuye-el-interes-por-los-viajes-veraniegos-entre-ee-uu-y-europa-a-pesar-del-evento-deportivo-de-2026\/","title":{"rendered":"Disminuye el inter\u00e9s por los viajes veraniegos entre EE. UU. y Europa a pesar del evento deportivo de 2026."},"content":{"rendered":"<h3>Aumento de la Demanda de Viajes de Verano: Un Fen\u00f3meno Global<\/h3>\n<p>Con el verano a la vuelta de la esquina, las proyecciones de viajes entre Estados Unidos y Europa han evidenciado un notable incremento, desafiando incluso las expectativas generadas por eventos de gran envergadura como el Mundial 2026. Este a\u00f1o, mientras el f\u00fatbol acapara la atenci\u00f3n, la pasi\u00f3n por la exploraci\u00f3n y los destinos tur\u00edsticos sigue en ascenso, mostrando que la esencia del viaje va m\u00e1s all\u00e1 de cualquier evento deportivo.<\/p>\n<h4>Los Motivos Detr\u00e1s del Aumento<\/h4>\n<p>Tras a\u00f1os de restricciones y una creciente ansiedad por la salud de las econom\u00edas tur\u00edsticas, los viajeros han comenzado a planificar escapadas que combinan cultura, gastronom\u00eda y experiencias \u00fanicas. Europa, con su riqueza hist\u00f3rica y paisajes deslumbrantes, sigue siendo un destino favorito para los estadounidenses en busca de aventuras veraniegas. Desde las playas soleadas de la Costa Brava hasta los rincones acogedores de Par\u00eds, el viejo continente invita a turistas de todas partes a explorar sus maravillas.<\/p>\n<p>El cambio en las preferencias de viaje tambi\u00e9n ha influido en este auge. Mientras que tradicionalmente muchos hab\u00edan optado por destinos de sol y playa, ahora la curiosidad por las ciudades hist\u00f3ricas y las experiencias enriquecedoras se posiciona en primer lugar. Viajar no solo es un placer, sino tambi\u00e9n una manera de reconectar con el mundo y ampliar horizontes.<\/p>\n<h4>Impacto en la Industria Tur\u00edstica<\/h4>\n<p>Las aerol\u00edneas han comenzado a ampliar sus rutas y frecuencias en respuesta a esta creciente demanda. La competitividad del mercado a\u00e9reo, impulsada por la recuperaci\u00f3n econ\u00f3mica y el deseo de abrir nuevas conexiones, ha generado ofertas atractivas para los viajeros. A medida que las compa\u00f1\u00edas ajustan sus estrategias para atraer a los turistas, los precios de los boletos se vuelven m\u00e1s accesibles, animando a\u00fan m\u00e1s a los viajeros a cruzar el Atl\u00e1ntico.<\/p>\n<p>Sin embargo, con el incremento en la demanda, tambi\u00e9n surgen desaf\u00edos log\u00edsticos. La industria debe asegurarse de que las infraestructuras puedan soportar el flujo de turistas, a la vez que ofrece una experiencia de viaje segura y placentera. Las expectativas sobre el manejo del equipaje, la puntualidad y la atenci\u00f3n al cliente son m\u00e1s altas que nunca.<\/p>\n<h4>Viajar en Tiempos de Celebraci\u00f3n<\/h4>\n<p>A\u00fan con el Mundial 2026 en la mira, que generar\u00e1 un aumento en los desplazamientos deportivos por parte de las aficiones, la experiencia de viaje seguir\u00e1 siendo diferenciada. Mientras algunos se agolpan en las sedes del torneo, otros optar\u00e1n por aprovechar el verano para explorar lugares menos concurridos o disfrutar de una escapada rom\u00e1ntica en ciudades emblem\u00e1ticas.<\/p>\n<p>Adem\u00e1s, la posibilidad de vivir experiencias paralelas, como festivales locales, exposiciones de arte y gastronom\u00eda, brinda a los viajeros la oportunidad de sumergirse en la cultura de cada destino, enriqueciendo su viaje y creando memorias inolvidables.<\/p>\n<h4>Conclusi\u00f3n<\/h4>\n<p>El deseo de viajar nunca ha desaparecido. Este verano, los estadounidenses est\u00e1n decididos a explorar Europa y m\u00e1s all\u00e1, en busca de nuevas experiencias. A medida que la industria tur\u00edstica se adapta a este renovado fervor, queda claro que, independientemente de los eventos que marquen el calendario, la pasi\u00f3n por los viajes perdura y se transforma en la esencia misma de nuestras vidas. \u00a1Es hora de hacer las maletas y embarcarse en la aventura de un verano inolvidable!<\/p>\n<p><em> &#8221; Fuentes www.caribbeannewsdigital.com &#8221; <\/em><\/p>\n","protected":false},"excerpt":{"rendered":"<p>Aumento de la Demanda de Viajes de Verano: Un Fen\u00f3meno Global Con el verano a la vuelta de la esquina, las proyecciones de viajes entre Estados Unidos y Europa han evidenciado un notable incremento, desafiando incluso las expectativas generadas por eventos de gran envergadura como el Mundial 2026. Este a\u00f1o, mientras el f\u00fatbol acapara la [&hellip;]<\/p>\n","protected":false},"author":4,"featured_media":1132415,"comment_status":"open","ping_status":"closed","sticky":false,"template":"","format":"standard","meta":{"om_disable_all_campaigns":false,"jnews-multi-image_gallery":[],"jnews_single_post":[],"jnews_primary_category":[],"jnews_social_meta":[],"footnotes":""},"categories":[39],"tags":[803,58822,5694,3264,715,588,1653,20661,45589,39514,26152,58823,10844,544,2873,545],"class_list":["post-1132414","post","type-post","status-publish","format-standard","has-post-thumbnail","hentry","category-viajes","tag-aerolineas","tag-caribbean-news-digital","tag-cnd","tag-demanda","tag-economia","tag-ee-uu","tag-europa","tag-eventos-deportivos","tag-excelencias","tag-grupo-excelencias","tag-mundial-2026","tag-periodico-electronico","tag-tendencias-de-viaje","tag-turismo","tag-verano","tag-viajes"],"_links":{"self":[{"href":"https:\/\/dimensionturistica.com\/es\/wp-json\/wp\/v2\/posts\/1132414","targetHints":{"allow":["GET"]}}],"collection":[{"href":"https:\/\/dimensionturistica.com\/es\/wp-json\/wp\/v2\/posts"}],"about":[{"href":"https:\/\/dimensionturistica.com\/es\/wp-json\/wp\/v2\/types\/post"}],"author":[{"embeddable":true,"href":"https:\/\/dimensionturistica.com\/es\/wp-json\/wp\/v2\/users\/4"}],"replies":[{"embeddable":true,"href":"https:\/\/dimensionturistica.com\/es\/wp-json\/wp\/v2\/comments?post=1132414"}],"version-history":[{"count":1,"href":"https:\/\/dimensionturistica.com\/es\/wp-json\/wp\/v2\/posts\/1132414\/revisions"}],"predecessor-version":[{"id":1132416,"href":"https:\/\/dimensionturistica.com\/es\/wp-json\/wp\/v2\/posts\/1132414\/revisions\/1132416"}],"wp:featuredmedia":[{"embeddable":true,"href":"https:\/\/dimensionturistica.com\/es\/wp-json\/wp\/v2\/media\/1132415"}],"wp:attachment":[{"href":"https:\/\/dimensionturistica.com\/es\/wp-json\/wp\/v2\/media?parent=1132414"}],"wp:term":[{"taxonomy":"category","embeddable":true,"href":"https:\/\/dimensionturistica.com\/es\/wp-json\/wp\/v2\/categories?post=1132414"},{"taxonomy":"post_tag","embeddable":true,"href":"https:\/\/dimensionturistica.com\/es\/wp-json\/wp\/v2\/tags?post=1132414"}],"curies":[{"name":"wp","href":"https:\/\/api.w.org\/{rel}","templated":true}]}}