{"id":1132397,"date":"2026-03-30T12:43:54","date_gmt":"2026-03-30T12:43:54","guid":{"rendered":"https:\/\/dimensionturistica.com\/es\/?p=1132397"},"modified":"2026-03-30T12:43:54","modified_gmt":"2026-03-30T12:43:54","slug":"acceso-exclusivo-de-24-horas-para-comprar-la-coleccion-primavera-2026-de-tory-burch","status":"publish","type":"post","link":"https:\/\/dimensionturistica.com\/es\/acceso-exclusivo-de-24-horas-para-comprar-la-coleccion-primavera-2026-de-tory-burch\/","title":{"rendered":"\u00a1Acceso Exclusivo de 24 Horas para Comprar la Colecci\u00f3n Primavera 2026 de Tory Burch!"},"content":{"rendered":"<h3>Tory Burch: Una Primavera 2026 que Destila Sofisticaci\u00f3n y Frescura<\/h3>\n<p>La pasarela de la primavera 2026 se ilumin\u00f3 con la llegada de Tory Burch, quien present\u00f3 una colecci\u00f3n que fusiona la elegancia cl\u00e1sica con un aire contempor\u00e1neo y audaz. En una exhibici\u00f3n que atrajo la atenci\u00f3n de cr\u00edticos de moda y entusiastas por igual, la dise\u00f1adora nos transport\u00f3 a un mundo donde la suavidad de los tejidos se entrelaza con la fuerza de la individualidad.<\/p>\n<h4>Colores Delicados y Texturas Enriquecedoras<\/h4>\n<p>La paleta de colores de la colecci\u00f3n es un reflejo de la sutileza primaveral, destacando tonos que evocan la naturaleza en plena floraci\u00f3n. Los pasteles suaves se mezclan con matices vibrantes, ofreciendo un conjunto arm\u00f3nico que resulta tanto fresco como sofisticado. Los cortes fluidos de las prendas no solo realzan la silueta, sino que tambi\u00e9n permiten libertad de movimiento, convirtiendo cada outfit en una declaraci\u00f3n de estilo sin esfuerzo.<\/p>\n<h4>Un Viaje a Trav\u00e9s de la Nostalgia<\/h4>\n<p>Inspirada en una est\u00e9tica vintage, la colecci\u00f3n presenta piezas que reverberan con una nostalgia palpable. Los detalles cuidadosamente elaborados, como bordados y patrones florales, transportan a los espectadores a \u00e9pocas pasadas, mientras que los siluetas modernas les otorgan un giro actual. Esta dualidad entre lo antiguo y lo contempor\u00e1neo ofrece una experiencia visual que resuena con una amplia audiencia, capturando la esencia de la moda atemporal.<\/p>\n<h4>Protagonismo de la Sostenibilidad<\/h4>\n<p>Un aspecto destacado de esta presentaci\u00f3n es el fuerte compromiso de Burch con la sostenibilidad. Los materiales utilizados en la colecci\u00f3n subrayan la importancia de una moda consciente del medio ambiente. Las fibras org\u00e1nicas y los procesos de producci\u00f3n responsables no solo subrayan la \u00e9tica de la marca, sino que tambi\u00e9n invitan a los consumidores a reflexionar sobre el impacto de sus elecciones de moda.<\/p>\n<h4>Accesorios que Cautivan<\/h4>\n<p>La atenci\u00f3n al detalle tambi\u00e9n se extiende a los accesorios, que han sido cuidadosamente dise\u00f1ados para complementar las prendas. Zapatos de silueta elevada, bolsos vers\u00e1tiles y joyer\u00eda que destila elegancia son elementos que no solo aportan funcionalidad, sino que se convierten en piezas clave para cualquier guardarropa moderno. Estos accesorios son un recordatorio de que la moda se trata de contar una historia y expresar la personalidad.<\/p>\n<h4>La Influencia de la Inclusividad<\/h4>\n<p>En esta temporada, Tory Burch reafirm\u00f3 su enfoque inclusivo en la moda, presentando una variedad de modelos que representan diversas formas, tama\u00f1os y estilos. Este movimiento no solo refleja una tendencia en la industria, sino que tambi\u00e9n abre un di\u00e1logo importante sobre la representaci\u00f3n en un mundo que, cada vez m\u00e1s, valora la diversidad.<\/p>\n<h3>Un Despertar de Inspiraci\u00f3n<\/h3>\n<p>La presentaci\u00f3n de Tory Burch para primavera 2026 no solo establece un est\u00e1ndar est\u00e9tico alto, sino que tambi\u00e9n invita a la audiencia a explorar su propia identidad a trav\u00e9s de la moda. Con una sinfon\u00eda de colores, texturas y un fuerte mensaje de sostenibilidad, la colecci\u00f3n promete resonar mucho m\u00e1s all\u00e1 de la pasarela, convirti\u00e9ndose en una fuente de inspiraci\u00f3n para muchos. En un mundo en constante cambio, Burch recuerda a todos que el verdadero estilo radica en ser uno mismo mientras se expresa a trav\u00e9s de la moda. La primavera 2026, sin duda, ser\u00e1 una temporada marcada por la esencia atemporal y la innovadora visi\u00f3n de Tory Burch.<\/p>\n<p><em> &#8221; Fuentes www.vogue.com &#8221; <\/em><\/p>\n","protected":false},"excerpt":{"rendered":"<p>Tory Burch: Una Primavera 2026 que Destila Sofisticaci\u00f3n y Frescura La pasarela de la primavera 2026 se ilumin\u00f3 con la llegada de Tory Burch, quien present\u00f3 una colecci\u00f3n que fusiona la elegancia cl\u00e1sica con un aire contempor\u00e1neo y audaz. En una exhibici\u00f3n que atrajo la atenci\u00f3n de cr\u00edticos de moda y entusiastas por igual, la [&hellip;]<\/p>\n","protected":false},"author":14,"featured_media":1132398,"comment_status":"open","ping_status":"closed","sticky":false,"template":"","format":"standard","meta":{"om_disable_all_campaigns":false,"jnews-multi-image_gallery":[],"jnews_single_post":[],"jnews_primary_category":[],"jnews_social_meta":[],"footnotes":""},"categories":[144872],"tags":[198537,198594,198536,198535,213181,89166,223245,166,8774,198499,765,94447,202,218721,217122,372,111204,42198,6194,50356,373,202048],"class_list":["post-1132397","post","type-post","status-publish","format-standard","has-post-thumbnail","hentry","category-fashion","tag-_commerce","tag-_sensitivecontent","tag-_seo","tag-_syndication_noshow","tag-collection-launch","tag-designer","tag-exclusive-access","tag-fashion","tag-luxury","tag-onecolumn","tag-retail","tag-runway","tag-shopping","tag-spring-2026","tag-storytypecategory-guide-comparison","tag-style","tag-textaboveleftsmall","tag-tory-burch","tag-trends","tag-vogue","tag-web","tag-womenswear"],"_links":{"self":[{"href":"https:\/\/dimensionturistica.com\/es\/wp-json\/wp\/v2\/posts\/1132397","targetHints":{"allow":["GET"]}}],"collection":[{"href":"https:\/\/dimensionturistica.com\/es\/wp-json\/wp\/v2\/posts"}],"about":[{"href":"https:\/\/dimensionturistica.com\/es\/wp-json\/wp\/v2\/types\/post"}],"author":[{"embeddable":true,"href":"https:\/\/dimensionturistica.com\/es\/wp-json\/wp\/v2\/users\/14"}],"replies":[{"embeddable":true,"href":"https:\/\/dimensionturistica.com\/es\/wp-json\/wp\/v2\/comments?post=1132397"}],"version-history":[{"count":1,"href":"https:\/\/dimensionturistica.com\/es\/wp-json\/wp\/v2\/posts\/1132397\/revisions"}],"predecessor-version":[{"id":1132399,"href":"https:\/\/dimensionturistica.com\/es\/wp-json\/wp\/v2\/posts\/1132397\/revisions\/1132399"}],"wp:featuredmedia":[{"embeddable":true,"href":"https:\/\/dimensionturistica.com\/es\/wp-json\/wp\/v2\/media\/1132398"}],"wp:attachment":[{"href":"https:\/\/dimensionturistica.com\/es\/wp-json\/wp\/v2\/media?parent=1132397"}],"wp:term":[{"taxonomy":"category","embeddable":true,"href":"https:\/\/dimensionturistica.com\/es\/wp-json\/wp\/v2\/categories?post=1132397"},{"taxonomy":"post_tag","embeddable":true,"href":"https:\/\/dimensionturistica.com\/es\/wp-json\/wp\/v2\/tags?post=1132397"}],"curies":[{"name":"wp","href":"https:\/\/api.w.org\/{rel}","templated":true}]}}