{"id":1132357,"date":"2026-03-30T10:59:13","date_gmt":"2026-03-30T10:59:13","guid":{"rendered":"https:\/\/dimensionturistica.com\/es\/?p=1132357"},"modified":"2026-03-30T10:59:13","modified_gmt":"2026-03-30T10:59:13","slug":"emma-chamberlain-y-west-elm-presentan-una-coleccion-exclusiva-esto-es-lo-que-debes-saber","status":"publish","type":"post","link":"https:\/\/dimensionturistica.com\/es\/emma-chamberlain-y-west-elm-presentan-una-coleccion-exclusiva-esto-es-lo-que-debes-saber\/","title":{"rendered":"Emma Chamberlain y West Elm presentan una colecci\u00f3n exclusiva: esto es lo que debes saber."},"content":{"rendered":"<h3>La Revoluci\u00f3n de la Decoraci\u00f3n Hogare\u00f1a: Emma Chamberlain y su Colecci\u00f3n con West Elm<\/h3>\n<p>En el mundo de la moda y el estilo, Emma Chamberlain se ha posicionado como un referente indiscutible. Desde su explosi\u00f3n en las redes sociales como YouTuber hasta convertirse en un \u00edcono de la moda, su influencia ha trascendido las pasarelas, llegando ahora al hogar con una colaboraci\u00f3n que est\u00e1 capturando la atenci\u00f3n de dise\u00f1adores y amantes del interiorismo por igual. Su reciente asociaci\u00f3n con la marca de muebles West Elm no solo redefine el concepto de estilo, sino que tambi\u00e9n invita a sus seguidores a explorar su creatividad en la decoraci\u00f3n.<\/p>\n<h4>Un Enfoque \u00danico en el Dise\u00f1o de Interiores<\/h4>\n<p>La colecci\u00f3n, que introduce una gama de muebles y accesorios, se caracteriza por su frescura y autenticidad. A trav\u00e9s de esta colaboraci\u00f3n, Chamberlain ha logrado fusionar su personalidad vibrante con una est\u00e9tica contempor\u00e1nea, proponiendo espacios que son un fiel reflejo de la individualidad moderna. Cada pieza est\u00e1 dise\u00f1ada para dar vida a los ambientes, incorporando colores atrevidos, texturas acogedoras y formas org\u00e1nicas que invitan a la interacci\u00f3n y al confort.<\/p>\n<h4>Est\u00e9tica Inspirada en la Autenticidad<\/h4>\n<p>La verdadera magia de esta colecci\u00f3n radica en su capacidad para transmitir una sensaci\u00f3n de hogar. Lo que Emma ha logrado es m\u00e1s que simplemente ofrecer muebles; ha creado un estilo de vida. La selecci\u00f3n de colores terracota, verde olivo y azul profundo que predominan en la colecci\u00f3n evoca un sentido de calma y conexi\u00f3n con la naturaleza, un escape necesario en tiempos de agitaci\u00f3n. Cada art\u00edculo invita a los consumidores a mezclar y combinar, fomentando la experimentaci\u00f3n en la decoraci\u00f3n de sus espacios.<\/p>\n<h4>Una Plataforma para la Autoexpresi\u00f3n<\/h4>\n<p>El enfoque inclusivo y accesible de Chamberlain tambi\u00e9n hace eco en esta colaboraci\u00f3n. Al alentar a los consumidores a explorar su propio estilo, la colecci\u00f3n se convierte en una plataforma para la autoexpresi\u00f3n. En un momento en que la identidad personal es fundamental, cada pieza est\u00e1 dise\u00f1ada para adaptarse a diversas est\u00e9ticas, desde el minimalismo escandinavo hasta el eclecticismo urbano. Emma empodera a sus seguidores a no tener miedo a expresar qui\u00e9nes son a trav\u00e9s de su entorno.<\/p>\n<h4>Sostenibilidad y Estilo: Un Doble Compromiso<\/h4>\n<p>El impacto de esta colecci\u00f3n va m\u00e1s all\u00e1 del dise\u00f1o. Emma Chamberlain ha hecho hincapi\u00e9 en la importancia de la sostenibilidad en el proceso de creaci\u00f3n. Al trabajar con West Elm, se han utilizado materiales responsables y t\u00e9cnicas de producci\u00f3n \u00e9ticas, aline\u00e1ndose con una creciente demanda por un consumo consciente. La propuesta no solo es estil\u00edsticamente atractiva, sino que tambi\u00e9n refuerza el compromiso con el medio ambiente, un valor que resuena profundamente con el p\u00fablico joven.<\/p>\n<h4>Un \u00c9xito Inminente en el Mercado<\/h4>\n<p>La colecci\u00f3n ha sido recibida con gran entusiasmo, creando una oleada de expectativa en el mercado. Ya se anticipa que algunas piezas se volver\u00e1n objeto de deseo, no solo por su dise\u00f1o, sino tambi\u00e9n por la autenticidad que representa Emma Chamberlain. La combinaci\u00f3n de su estatus de influencer y la calidad de West Elm promete posicionar esta l\u00ednea como una de las m\u00e1s destacadas en el \u00e1mbito del dise\u00f1o de interiores contempor\u00e1neo.<\/p>\n<p>En un mundo donde la moda y la decoraci\u00f3n son cada vez m\u00e1s interdependientes, la colaboraci\u00f3n entre Emma Chamberlain y West Elm se erige como un testimonio de que el estilo personal no tiene por qu\u00e9 detenerse en la ropa. Se trata de un movimiento en el que cada rinc\u00f3n de nuestro hogar puede convertirse en una extensi\u00f3n de nuestras personalidades, invitando a cada uno a darle un nuevo significado a su espacio vital.<\/p>\n<p><em> &#8221; Fuentes www.vogue.com &#8221; <\/em><\/p>\n","protected":false},"excerpt":{"rendered":"<p>La Revoluci\u00f3n de la Decoraci\u00f3n Hogare\u00f1a: Emma Chamberlain y su Colecci\u00f3n con West Elm En el mundo de la moda y el estilo, Emma Chamberlain se ha posicionado como un referente indiscutible. Desde su explosi\u00f3n en las redes sociales como YouTuber hasta convertirse en un \u00edcono de la moda, su influencia ha trascendido las pasarelas, [&hellip;]<\/p>\n","protected":false},"author":14,"featured_media":1132358,"comment_status":"open","ping_status":"closed","sticky":false,"template":"","format":"standard","meta":{"om_disable_all_campaigns":false,"jnews-multi-image_gallery":[],"jnews_single_post":[],"jnews_primary_category":[],"jnews_social_meta":[],"footnotes":""},"categories":[144872],"tags":[198537,198594,198535,73240,216466,213538,166,63,74450,72700,309,198499,150373,202,198639,217122,6194,373,216629],"class_list":["post-1132357","post","type-post","status-publish","format-standard","has-post-thumbnail","hentry","category-fashion","tag-_commerce","tag-_sensitivecontent","tag-_syndication_noshow","tag-collaboration","tag-emma-chamberlain","tag-exclusive-collection","tag-fashion","tag-home","tag-home-decor","tag-interior-design","tag-lifestyle","tag-onecolumn","tag-product-launch","tag-shopping","tag-splitscreenimagerightfullbleed","tag-storytypecategory-guide-comparison","tag-trends","tag-web","tag-west-elm"],"_links":{"self":[{"href":"https:\/\/dimensionturistica.com\/es\/wp-json\/wp\/v2\/posts\/1132357","targetHints":{"allow":["GET"]}}],"collection":[{"href":"https:\/\/dimensionturistica.com\/es\/wp-json\/wp\/v2\/posts"}],"about":[{"href":"https:\/\/dimensionturistica.com\/es\/wp-json\/wp\/v2\/types\/post"}],"author":[{"embeddable":true,"href":"https:\/\/dimensionturistica.com\/es\/wp-json\/wp\/v2\/users\/14"}],"replies":[{"embeddable":true,"href":"https:\/\/dimensionturistica.com\/es\/wp-json\/wp\/v2\/comments?post=1132357"}],"version-history":[{"count":1,"href":"https:\/\/dimensionturistica.com\/es\/wp-json\/wp\/v2\/posts\/1132357\/revisions"}],"predecessor-version":[{"id":1132359,"href":"https:\/\/dimensionturistica.com\/es\/wp-json\/wp\/v2\/posts\/1132357\/revisions\/1132359"}],"wp:featuredmedia":[{"embeddable":true,"href":"https:\/\/dimensionturistica.com\/es\/wp-json\/wp\/v2\/media\/1132358"}],"wp:attachment":[{"href":"https:\/\/dimensionturistica.com\/es\/wp-json\/wp\/v2\/media?parent=1132357"}],"wp:term":[{"taxonomy":"category","embeddable":true,"href":"https:\/\/dimensionturistica.com\/es\/wp-json\/wp\/v2\/categories?post=1132357"},{"taxonomy":"post_tag","embeddable":true,"href":"https:\/\/dimensionturistica.com\/es\/wp-json\/wp\/v2\/tags?post=1132357"}],"curies":[{"name":"wp","href":"https:\/\/api.w.org\/{rel}","templated":true}]}}