{"id":1132299,"date":"2026-03-30T07:28:17","date_gmt":"2026-03-30T07:28:17","guid":{"rendered":"https:\/\/dimensionturistica.com\/es\/?p=1132299"},"modified":"2026-03-30T07:28:17","modified_gmt":"2026-03-30T07:28:17","slug":"cual-es-el-momento-ideal-para-consumir-colageno","status":"publish","type":"post","link":"https:\/\/dimensionturistica.com\/es\/cual-es-el-momento-ideal-para-consumir-colageno\/","title":{"rendered":"\u00bfCu\u00e1l es el momento ideal para consumir col\u00e1geno?"},"content":{"rendered":"<h3>El Momento Perfecto para Incorporar el Col\u00e1geno a tu Rutina<\/h3>\n<p>El col\u00e1geno, una prote\u00edna esencial en nuestro cuerpo, ha cobrado una gran relevancia en el mundo de la belleza y el bienestar. Reconocido por sus m\u00faltiples beneficios, especialmente para la piel, las articulaciones y el cabello, este suplemento ha suscitado un creciente inter\u00e9s en la comunidad de moda y salud. Pero, \u00bfcu\u00e1l es el mejor momento para incorporarlo en tu rutina diaria?<\/p>\n<h4>La Ciencia detr\u00e1s del Col\u00e1geno<\/h4>\n<p>El col\u00e1geno representa aproximadamente el 30% de las prote\u00ednas del cuerpo humano. Se encuentra en los huesos, m\u00fasculos, piel y tendones, proporcionando estructura y fuerza. Sin embargo, a medida que envejecemos, la producci\u00f3n natural de col\u00e1geno disminuye, lo que puede dar lugar a la p\u00e9rdida de elasticidad de la piel y un aumento en la aparici\u00f3n de arrugas.<\/p>\n<h4><strong>\u00bfCu\u00e1ndo Tomarlo?<\/strong><\/h4>\n<p>La clave est\u00e1 en la constancia. Muchos expertos sugieren que el consumo de col\u00e1geno, ya sea en forma de polvo, c\u00e1psulas o l\u00edquido, debe hacerse de manera rutinaria para observar resultados significativos. Un aspecto crucial es elegir el horario que mejor se adapte a tus h\u00e1bitos.<\/p>\n<ol>\n<li>\n<p><strong>Por la Ma\u00f1ana<\/strong>: Incorporar col\u00e1geno en tu desayuno puede ser una excelente opci\u00f3n. Al a\u00f1adirlo a tu batido o yogur, no solo mejoras el sabor, sino que inicias el d\u00eda ofreciendo a tu piel y cuerpo los nutrientes necesarios para revitalizarse.<\/p>\n<\/li>\n<li>\n<p><strong>Antes de Ejercitarte<\/strong>: Consumir col\u00e1geno antes de tus rutinas de ejercicio tambi\u00e9n puede ser beneficioso. No solo ayuda a reparar el tejido muscular, sino que tambi\u00e9n brinda soporte a las articulaciones durante el entrenamiento.<\/p>\n<\/li>\n<li>\n<p><strong>Antes de Dormir<\/strong>: Algunos estudios sugieren que tomar col\u00e1geno por la noche podr\u00eda maximizar sus efectos. Al dormir, el cuerpo se repara y regenera, y los suplementos de col\u00e1geno pueden contribuir a este proceso natural.<\/p>\n<\/li>\n<\/ol>\n<h4><strong>C\u00f3mo Integrarlo Efectivamente<\/strong><\/h4>\n<p>Para obtener el m\u00e1ximo beneficio del col\u00e1geno, es esencial combinarlo con una dieta equilibrada rica en vitaminas y minerales. La vitamina C, presente en frutas como naranjas y kiwis, juega un papel importante en la producci\u00f3n natural de col\u00e1geno. <\/p>\n<p>Adem\u00e1s, la ingesti\u00f3n de suficiente agua y la pr\u00e1ctica de ejercicios regulares son fundamentales para optimizar la absorci\u00f3n y efectividad de los suplementos de col\u00e1geno.<\/p>\n<h4><strong>Variantes Disponibles<\/strong><\/h4>\n<p>La industria del col\u00e1geno ha evolucionado considerablemente. Existen diferentes tipos de col\u00e1geno, como los hidrolizados, que son m\u00e1s f\u00e1ciles de digerir y absorber. Asimismo, puedes encontrar formulaciones que incluyen otros ingredientes beneficiosos, como \u00e1cido hialur\u00f3nico y biotina, lo que potencia a\u00fan m\u00e1s su efecto.<\/p>\n<h4><strong>\u00bfPara Qui\u00e9n es Ideal?<\/strong><\/h4>\n<p>La incorporaci\u00f3n de col\u00e1geno puede ser beneficiosa para una amplia gama de personas, desde quienes buscan mejorar la apariencia de su piel hasta aquellos que desean fortalecer sus u\u00f1as y cabello. Tambi\u00e9n resulta pertinente para deportistas, quienes pueden experimentar una recuperaci\u00f3n m\u00e1s eficiente en sus tejidos despu\u00e9s de un ejercicio intenso.<\/p>\n<h4><strong>El Futuro del Col\u00e1geno en la Belleza<\/strong><\/h4>\n<p>A medida que el enfoque hacia el bienestar integral sigue creciendo en popularidad, el col\u00e1geno se posiciona como un aliado inesperado en el regimen de belleza. T\u00fa, que quieres lucir m\u00e1s radiante y saludable, ahora tienes la oportunidad de incorporar este poderoso suplemento en tu vida diaria.<\/p>\n<p>Si buscas mejores resultados, s\u00e9 constante y no dudes en experimentar con diferentes horarios y formas de consumo. La belleza y el bienestar pueden comenzar desde adentro hacia afuera, y el col\u00e1geno puede ser tu gran aliado en este camino hacia una vida m\u00e1s vibrante.<\/p>\n<p><em> &#8221; Fuentes www.vogue.com &#8221; <\/em><\/p>\n","protected":false},"excerpt":{"rendered":"<p>El Momento Perfecto para Incorporar el Col\u00e1geno a tu Rutina El col\u00e1geno, una prote\u00edna esencial en nuestro cuerpo, ha cobrado una gran relevancia en el mundo de la belleza y el bienestar. Reconocido por sus m\u00faltiples beneficios, especialmente para la piel, las articulaciones y el cabello, este suplemento ha suscitado un creciente inter\u00e9s en la [&hellip;]<\/p>\n","protected":false},"author":14,"featured_media":1132300,"comment_status":"open","ping_status":"closed","sticky":false,"template":"","format":"standard","meta":{"om_disable_all_campaigns":false,"jnews-multi-image_gallery":[],"jnews_single_post":[],"jnews_primary_category":[],"jnews_social_meta":[],"footnotes":""},"categories":[144872],"tags":[72867,120581,86002,17224,530,86001,98081,120189,99245,91937,209],"class_list":["post-1132299","post","type-post","status-publish","format-standard","has-post-thumbnail","hentry","category-fashion","tag-beauty","tag-collagen","tag-diet","tag-fitness","tag-health","tag-nutrition","tag-protein","tag-skincare","tag-supplements","tag-timing","tag-wellness"],"_links":{"self":[{"href":"https:\/\/dimensionturistica.com\/es\/wp-json\/wp\/v2\/posts\/1132299","targetHints":{"allow":["GET"]}}],"collection":[{"href":"https:\/\/dimensionturistica.com\/es\/wp-json\/wp\/v2\/posts"}],"about":[{"href":"https:\/\/dimensionturistica.com\/es\/wp-json\/wp\/v2\/types\/post"}],"author":[{"embeddable":true,"href":"https:\/\/dimensionturistica.com\/es\/wp-json\/wp\/v2\/users\/14"}],"replies":[{"embeddable":true,"href":"https:\/\/dimensionturistica.com\/es\/wp-json\/wp\/v2\/comments?post=1132299"}],"version-history":[{"count":1,"href":"https:\/\/dimensionturistica.com\/es\/wp-json\/wp\/v2\/posts\/1132299\/revisions"}],"predecessor-version":[{"id":1132301,"href":"https:\/\/dimensionturistica.com\/es\/wp-json\/wp\/v2\/posts\/1132299\/revisions\/1132301"}],"wp:featuredmedia":[{"embeddable":true,"href":"https:\/\/dimensionturistica.com\/es\/wp-json\/wp\/v2\/media\/1132300"}],"wp:attachment":[{"href":"https:\/\/dimensionturistica.com\/es\/wp-json\/wp\/v2\/media?parent=1132299"}],"wp:term":[{"taxonomy":"category","embeddable":true,"href":"https:\/\/dimensionturistica.com\/es\/wp-json\/wp\/v2\/categories?post=1132299"},{"taxonomy":"post_tag","embeddable":true,"href":"https:\/\/dimensionturistica.com\/es\/wp-json\/wp\/v2\/tags?post=1132299"}],"curies":[{"name":"wp","href":"https:\/\/api.w.org\/{rel}","templated":true}]}}