{"id":1132272,"date":"2026-03-30T05:23:58","date_gmt":"2026-03-30T05:23:58","guid":{"rendered":"https:\/\/dimensionturistica.com\/es\/?p=1132272"},"modified":"2026-03-30T05:23:58","modified_gmt":"2026-03-30T05:23:58","slug":"el-aumento-de-precios-impactara-las-reservas-para-semana-santa-en-espana","status":"publish","type":"post","link":"https:\/\/dimensionturistica.com\/es\/el-aumento-de-precios-impactara-las-reservas-para-semana-santa-en-espana\/","title":{"rendered":"El aumento de precios impactar\u00e1 las reservas para Semana Santa en Espa\u00f1a."},"content":{"rendered":"<h3>El Impacto del Aumento de Precios en las Reservas Tur\u00edsticas de Semana Santa<\/h3>\n<p>A medida que se aproxima la Semana Santa, una de las \u00e9pocas m\u00e1s esperadas del a\u00f1o para viajar, surgen preocupaciones en el sector tur\u00edstico ante el incremento de precios en servicios relacionados con el turismo. Este fen\u00f3meno, que ha resurgido tras la pandemia, est\u00e1 afectando no solo la planificaci\u00f3n de los viajes, sino tambi\u00e9n la elecci\u00f3n de los destinos.<\/p>\n<h4>La Doble Cara del Aumento de Precios<\/h4>\n<p>El costo de los alojamientos, vuelos y actividades tur\u00edsticas ha sufrido un notable aumento, lo que ha llevado a muchos a reconsiderar sus planes. En un entorno donde la econom\u00eda se recupera lentamente, el alza de precios puede ser un factor decisivo para las familias que buscan disfrutar de unas vacaciones. Este a\u00f1o, se estima que muchas reservas de \u00faltima hora no se realicen, y los viajeros podr\u00edan optar por destinos m\u00e1s econ\u00f3micos o alternativas de menor costo.<\/p>\n<h4>Destinos M\u00e1s Demandados<\/h4>\n<p>A pesar de estas dificultades, hay destinos que siguen atrayendo a turistas. Las ciudades hist\u00f3ricas, playas y zonas rurales contin\u00faan siendo populares. Sin embargo, los viajeros son cada vez m\u00e1s cuidadosos con su presupuesto. La b\u00fasqueda de ofertas, paquetes todo incluido o promociones de \u00faltima hora se ha convertido en la norma, donde cada euro cuenta.<\/p>\n<h4>Las Claves para Ahorrar en Tus Vacaciones<\/h4>\n<p>Si eres uno de esos viajeros preocupados por el aumento de precios, aqu\u00ed van algunos consejos para disfrutar de unas vacaciones inolvidables sin quebrar tu econom\u00eda:<\/p>\n<ol>\n<li>\n<p><strong>Planifica con Anticipaci\u00f3n<\/strong>: Aunque las reservas de \u00faltima hora pueden ofrecer precios competitivos, planificar con antelaci\u00f3n a menudo resulta en mejores ofertas.<\/p>\n<\/li>\n<li>\n<p><strong>Flexibilidad en las Fechas<\/strong>: Si tus fechas de viaje son flexibles, considera volar o alojarte en d\u00edas menos populares. <\/p>\n<\/li>\n<li>\n<p><strong>Explora Opciones Alternativas<\/strong>: Busca destinos menos conocidos o ciudades cercanas a las m\u00e1s populares. Estos lugares a menudo ofrecen experiencias igualmente enriquecedoras a precios m\u00e1s accesibles.<\/p>\n<\/li>\n<li>\n<p><strong>Comparar Precios<\/strong>: Utiliza plataformas en l\u00ednea que te permitan comparar precios de diferentes servicios tur\u00edsticos. Un poco de investigaci\u00f3n puede llevar a grandes ahorros.<\/p>\n<\/li>\n<li>\n<p><strong>Considera el Turismo Local<\/strong>: Redescubrir tu propio pa\u00eds puede ser una opci\u00f3n gratificante que, adem\u00e1s de ser m\u00e1s econ\u00f3mica, fortalece la econom\u00eda local.<\/p>\n<\/li>\n<\/ol>\n<h4>Un Futuro Esperanzador<\/h4>\n<p>A pesar de los retos que presenta el panorama actual, el optimismo resuena en el ambiente tur\u00edstico. Con la llegada de la primavera, muchos esperan que la demanda se estabilice y que el sector encuentre maneras innovadoras de adaptarse al nuevo contexto. La resiliencia de los viajeros y el ingenio de la industria fueron puestos a prueba durante la pandemia, y ahora se espera que brinden soluciones ante estas nuevas dificultades.<\/p>\n<p>La Semana Santa sigue siendo una tradici\u00f3n que invita a la reflexi\u00f3n y al encuentro, donde las experiencias compartidas y los recuerdos se convierten en tesoros valiosos. A medida que navegamos por los desaf\u00edos que plantea el ocio contempor\u00e1neo, lo m\u00e1s importante es no perder el esp\u00edritu aventurero que caracteriza a los viajeros. Prep\u00e1rate, inf\u00f3rmate y toma decisiones que te permitan disfrutar de unas vacaciones inolvidables, sin que el precio sea un obst\u00e1culo para una experiencia enriquecedora.<\/p>\n<p><em> &#8221; Sources www.ultimahora.es &#8221; <\/em><\/p>\n","protected":false},"excerpt":{"rendered":"<p>El Impacto del Aumento de Precios en las Reservas Tur\u00edsticas de Semana Santa A medida que se aproxima la Semana Santa, una de las \u00e9pocas m\u00e1s esperadas del a\u00f1o para viajar, surgen preocupaciones en el sector tur\u00edstico ante el incremento de precios en servicios relacionados con el turismo. Este fen\u00f3meno, que ha resurgido tras la [&hellip;]<\/p>\n","protected":false},"author":4,"featured_media":1132273,"comment_status":"open","ping_status":"closed","sticky":false,"template":"","format":"standard","meta":{"om_disable_all_campaigns":false,"jnews-multi-image_gallery":[],"jnews_single_post":[],"jnews_primary_category":[],"jnews_social_meta":[],"footnotes":""},"categories":[40],"tags":[2068,55419,2756,715,770,26970,188563,2171,57483,65955,2946,240313,544,706,2144],"class_list":["post-1132272","post","type-post","status-publish","format-standard","has-post-thumbnail","hentry","category-industria","tag-acave","tag-alza-de-precios","tag-comunidades","tag-economia","tag-espana","tag-gasolineras","tag-impacto-en-viajes","tag-iran","tag-noticias-interesantes","tag-reservas-de-viajes","tag-semana-santa","tag-t-800","tag-turismo","tag-ultima-hora","tag-ultimas-noticias"],"_links":{"self":[{"href":"https:\/\/dimensionturistica.com\/es\/wp-json\/wp\/v2\/posts\/1132272","targetHints":{"allow":["GET"]}}],"collection":[{"href":"https:\/\/dimensionturistica.com\/es\/wp-json\/wp\/v2\/posts"}],"about":[{"href":"https:\/\/dimensionturistica.com\/es\/wp-json\/wp\/v2\/types\/post"}],"author":[{"embeddable":true,"href":"https:\/\/dimensionturistica.com\/es\/wp-json\/wp\/v2\/users\/4"}],"replies":[{"embeddable":true,"href":"https:\/\/dimensionturistica.com\/es\/wp-json\/wp\/v2\/comments?post=1132272"}],"version-history":[{"count":1,"href":"https:\/\/dimensionturistica.com\/es\/wp-json\/wp\/v2\/posts\/1132272\/revisions"}],"predecessor-version":[{"id":1132274,"href":"https:\/\/dimensionturistica.com\/es\/wp-json\/wp\/v2\/posts\/1132272\/revisions\/1132274"}],"wp:featuredmedia":[{"embeddable":true,"href":"https:\/\/dimensionturistica.com\/es\/wp-json\/wp\/v2\/media\/1132273"}],"wp:attachment":[{"href":"https:\/\/dimensionturistica.com\/es\/wp-json\/wp\/v2\/media?parent=1132272"}],"wp:term":[{"taxonomy":"category","embeddable":true,"href":"https:\/\/dimensionturistica.com\/es\/wp-json\/wp\/v2\/categories?post=1132272"},{"taxonomy":"post_tag","embeddable":true,"href":"https:\/\/dimensionturistica.com\/es\/wp-json\/wp\/v2\/tags?post=1132272"}],"curies":[{"name":"wp","href":"https:\/\/api.w.org\/{rel}","templated":true}]}}