{"id":1132269,"date":"2026-03-30T04:55:48","date_gmt":"2026-03-30T04:55:48","guid":{"rendered":"https:\/\/dimensionturistica.com\/es\/?p=1132269"},"modified":"2026-03-30T04:55:48","modified_gmt":"2026-03-30T04:55:48","slug":"coleccion-otono-2026-tao-tokyo-inspira-elegancia-y-modernidad","status":"publish","type":"post","link":"https:\/\/dimensionturistica.com\/es\/coleccion-otono-2026-tao-tokyo-inspira-elegancia-y-modernidad\/","title":{"rendered":"Colecci\u00f3n Oto\u00f1o 2026: Tao Tokyo Inspira Elegancia y Modernidad"},"content":{"rendered":"<h3>La Revoluci\u00f3n del Oto\u00f1o 2026 en Tokio: Innovaci\u00f3n y Estilo en la Pasarela<\/h3>\n<p>La pasarela de Tokio se ha convertido nuevamente en el epicentro de la moda, deslumbrando con propuestas que desaf\u00edan el convencionalismo y celebran la individualidad. La colecci\u00f3n de Oto\u00f1o 2026 destaca por su audaz mezcla de tradiciones culturales y vanguardismo, creando un dialogo visual que interpela a cada espectador.<\/p>\n<h4>Texturas y Materiales: Un Viaje Sensorial<\/h4>\n<p>Los dise\u00f1adores han optado por una paleta de texturas que cautiva los sentidos. Desde sedas brillantes hasta lanas r\u00fasticas, cada prenda cuenta una historia. La combinaci\u00f3n inesperada de tejidos revela un enfoque contempor\u00e1neo hacia el vestuario cl\u00e1sico, invitando a la experimentaci\u00f3n. Por ejemplo, faldas fluidas se entrelazan con chaquetas estructuradas, creando siluetas equilibradas que favorecen a diversas figuras.<\/p>\n<h4>Colores del Oto\u00f1o: Una Paleta Ecl\u00e9ctica<\/h4>\n<p>La paleta de colores para esta temporada es otro de los aspectos que llama la atenci\u00f3n. Tonos terrosos se mezclan con acentos vibrantes, reflejando la esencia de la naturaleza en su etapa de transformaci\u00f3n. Esta variedad crom\u00e1tica permite a los amantes de la moda jugar con las combinaciones, ofreciendo m\u00faltiples posibilidades para cada ocasi\u00f3n. <\/p>\n<h4>Detalles que Marcan la Diferencia<\/h4>\n<p>Los detalles son fundamentales en esta colecci\u00f3n. Elementos como broches artesanales, bordados meticulosos y estampados gr\u00e1ficos integran un nivel de sofisticaci\u00f3n que resalta el car\u00e1cter \u00fanico de cada pieza. Estos toques no solo embellecen, sino que tambi\u00e9n transmiten un mensaje de autenticidad que resuena con el consumidor moderno.<\/p>\n<h4>Siluetas y Estilo: Una Celebraci\u00f3n de la Diversidad<\/h4>\n<p>Un aspecto esencial es la diversidad en las siluetas. La pasarela celebra formas inclusivas que van desde lo ajustado hasta lo oversized, permitiendo que cada persona encuentre su propio estilo. Con prendas que empoderan y promueven la autoexpresi\u00f3n, esta colecci\u00f3n redefine los est\u00e1ndares de belleza en la moda contempor\u00e1nea. Las influencias de diferentes \u00e9pocas y estilos se entrelazan, llevando al p\u00fablico a un viaje a trav\u00e9s del tiempo.<\/p>\n<h4>Influencias Culturales: Un Homenaje a la Herencia<\/h4>\n<p>La conexi\u00f3n con la cultura local es palpable. Elementos tradicionales japoneses, como kimonos reinterpretados, se fusionan con dise\u00f1os modernos, creando un homenaje a la herencia cultural que perdura. Este di\u00e1logo entre lo antiguo y lo nuevo no solo enriquece la est\u00e9tica, sino que tambi\u00e9n propone un enfoque consciente hacia la moda, promoviendo la sostenibilidad y el respeto por las tradiciones.<\/p>\n<h4>La Experiencia Total: M\u00e1s All\u00e1 de la Moda<\/h4>\n<p>El espect\u00e1culo no se limit\u00f3 a las prendas; la ambientaci\u00f3n y la m\u00fasica jugaron un papel crucial. Un escenario cuidadosamente dise\u00f1ado complement\u00f3 las creaciones, transportando al espectador a un universo donde la moda se vive como una forma de arte. La experiencia se convierte en un recuerdo imborrable, lo que subraya la importancia de la presentaci\u00f3n en el mundo del dise\u00f1o.<\/p>\n<h3>Conclusi\u00f3n: Un Futuro Brillante para la Moda en Tokio<\/h3>\n<p>La colecci\u00f3n de Oto\u00f1o 2026 en Tokio no solo ofrece prendas llamativas, sino que tambi\u00e9n establece un nuevo est\u00e1ndar para la industria. Con su enfoque innovador, la propuesta no solo apela a los fashionistas, sino que tambi\u00e9n inspira a una audiencia m\u00e1s amplia a explorar su estilo personal y celebrar la diversidad. Con esta fusi\u00f3n de arte, cultura y moda, Tokio reafirma su lugar como un l\u00edder indiscutible en la revoluci\u00f3n fashionista global.<\/p>\n<p><em> &#8221; Fuentes www.vogue.com &#8221; <\/em><\/p>\n","protected":false},"excerpt":{"rendered":"<p>La Revoluci\u00f3n del Oto\u00f1o 2026 en Tokio: Innovaci\u00f3n y Estilo en la Pasarela La pasarela de Tokio se ha convertido nuevamente en el epicentro de la moda, deslumbrando con propuestas que desaf\u00edan el convencionalismo y celebran la individualidad. La colecci\u00f3n de Oto\u00f1o 2026 destaca por su audaz mezcla de tradiciones culturales y vanguardismo, creando un [&hellip;]<\/p>\n","protected":false},"author":14,"featured_media":1132270,"comment_status":"open","ping_status":"closed","sticky":false,"template":"","format":"standard","meta":{"om_disable_all_campaigns":false,"jnews-multi-image_gallery":[],"jnews_single_post":[],"jnews_primary_category":[],"jnews_social_meta":[],"footnotes":""},"categories":[144872],"tags":[130092,81666,80520,18839,29821,253544,166,5492,94447,200339,202050,372,18685,216143,205820,267182,244882,6194],"class_list":["post-1132269","post","type-post","status-publish","format-standard","has-post-thumbnail","hentry","category-fashion","tag-apparel","tag-autumn","tag-clothing","tag-collection","tag-design","tag-fall-2026","tag-fashion","tag-innovation","tag-runway","tag-runway_review","tag-seasonal-collection","tag-style","tag-tao","tag-tao-tokyo","tag-textile","tag-tokyo-fall-2026","tag-tokyo-fashion","tag-trends"],"_links":{"self":[{"href":"https:\/\/dimensionturistica.com\/es\/wp-json\/wp\/v2\/posts\/1132269","targetHints":{"allow":["GET"]}}],"collection":[{"href":"https:\/\/dimensionturistica.com\/es\/wp-json\/wp\/v2\/posts"}],"about":[{"href":"https:\/\/dimensionturistica.com\/es\/wp-json\/wp\/v2\/types\/post"}],"author":[{"embeddable":true,"href":"https:\/\/dimensionturistica.com\/es\/wp-json\/wp\/v2\/users\/14"}],"replies":[{"embeddable":true,"href":"https:\/\/dimensionturistica.com\/es\/wp-json\/wp\/v2\/comments?post=1132269"}],"version-history":[{"count":1,"href":"https:\/\/dimensionturistica.com\/es\/wp-json\/wp\/v2\/posts\/1132269\/revisions"}],"predecessor-version":[{"id":1132271,"href":"https:\/\/dimensionturistica.com\/es\/wp-json\/wp\/v2\/posts\/1132269\/revisions\/1132271"}],"wp:featuredmedia":[{"embeddable":true,"href":"https:\/\/dimensionturistica.com\/es\/wp-json\/wp\/v2\/media\/1132270"}],"wp:attachment":[{"href":"https:\/\/dimensionturistica.com\/es\/wp-json\/wp\/v2\/media?parent=1132269"}],"wp:term":[{"taxonomy":"category","embeddable":true,"href":"https:\/\/dimensionturistica.com\/es\/wp-json\/wp\/v2\/categories?post=1132269"},{"taxonomy":"post_tag","embeddable":true,"href":"https:\/\/dimensionturistica.com\/es\/wp-json\/wp\/v2\/tags?post=1132269"}],"curies":[{"name":"wp","href":"https:\/\/api.w.org\/{rel}","templated":true}]}}