{"id":1132260,"date":"2026-03-30T04:38:55","date_gmt":"2026-03-30T04:38:55","guid":{"rendered":"https:\/\/dimensionturistica.com\/es\/?p=1132260"},"modified":"2026-03-30T04:38:55","modified_gmt":"2026-03-30T04:38:55","slug":"por-supuesto-aqui-tienes-un-titulo-alternativofestival-de-innovacion-tecnologica-12-de-noviembre-de-2023-centro-de-convenciones-de-madrid","status":"publish","type":"post","link":"https:\/\/dimensionturistica.com\/es\/por-supuesto-aqui-tienes-un-titulo-alternativofestival-de-innovacion-tecnologica-12-de-noviembre-de-2023-centro-de-convenciones-de-madrid\/","title":{"rendered":"Por supuesto, aqu\u00ed tienes un t\u00edtulo alternativo:\n\n&#8220;Festival de Innovaci\u00f3n Tecnol\u00f3gica: 12 de noviembre de 2023, Centro de Convenciones de Madrid&#8221;"},"content":{"rendered":"<h3>Vitrina Tur\u00edstica ANATO 2026: Un Encuentro Imperdible para el Sector Tur\u00edstico en Colombia<\/h3>\n<p>El sector tur\u00edstico de Colombia est\u00e1 a la expectativa de uno de los eventos m\u00e1s destacados del calendario: la Vitrina Tur\u00edstica ANATO. En su pr\u00f3ximo encuentro programado para 2026, este sal\u00f3n se consolidar\u00e1 como un espacio esencial para el intercambio de conocimientos, la promoci\u00f3n de destinos y la creaci\u00f3n de redes entre profesionales del turismo, no solo en el pa\u00eds, sino en toda Latinoam\u00e9rica.<\/p>\n<h4>Un Evento que va M\u00e1s All\u00e1 de una Feria<\/h4>\n<p>La Vitrina Tur\u00edstica no es simplemente una feria comercial; es un punto de encuentro donde los actores del turismo se dan cita para discutir tendencias, desaf\u00edos y oportunidades que enfrenta la industria. Desde operadores tur\u00edsticos hasta empresas de alojamiento y destinos emergentes, cada participante tiene la oportunidad de mostrar lo mejor que el pa\u00eds y la regi\u00f3n pueden ofrecer. Este ambiente colaborativo fomenta innovaciones que benefician a toda la comunidad tur\u00edstica.<\/p>\n<h4>Una Plataforma para los Destinos Emergentes<\/h4>\n<p>Colombia posee una rica diversidad cultural y natural que la convierte en un destino \u00fanico. La Vitrina Tur\u00edstica ANATO proporciona una plataforma para que destinos menos conocidos puedan exhibir sus atractivos. Al dar protagonismo a lugares no convencionales, se incentiva el turismo responsable y se promueve un desarrollo sostenible que beneficia a las comunidades locales.<\/p>\n<h4>Oportunidades de Capacitaci\u00f3n y Networking<\/h4>\n<p>Uno de los aspectos m\u00e1s valorados de la Vitrina Tur\u00edstica es la posibilidad de acceder a sesiones de capacitaci\u00f3n y conferencias impartidas por expertos del sector. Esto no solo enriquece el conocimiento de los participantes, sino que tambi\u00e9n fortalece las redes de contacto, lo que puede traducirse en colaboraciones futuras y en el desarrollo de proyectos innovadores que impulsen el turismo en Colombia.<\/p>\n<h4>Un Impacto que Trasciende Fronteras<\/h4>\n<p>La magnitud del evento tambi\u00e9n atrae la atenci\u00f3n de pa\u00edses vecinos, que ven en la Vitrina Tur\u00edstica ANATO la oportunidad para fortalecer la cooperaci\u00f3n y desarrollo del turismo regional. La conexi\u00f3n entre diferentes naciones puede significar un aumento significativo en el intercambio cultural y econ\u00f3mico, lo que beneficia a los sectores tur\u00edstico y comercial.<\/p>\n<h4>Preparativos en Marcha<\/h4>\n<p>Aunque todav\u00eda faltan algunos a\u00f1os para la realizaci\u00f3n del evento, los preparativos ya est\u00e1n en marcha. Organizar un encuentro de tales dimensiones implica una log\u00edstica meticulosa y la colaboraci\u00f3n de diversas entidades, tanto gubernamentales como privadas. La expectativa se centra en c\u00f3mo este evento podr\u00e1 adaptarse a las nuevas realidades del turismo, tales como la digitalizaci\u00f3n y la sostenibilidad.<\/p>\n<h4>Conclusi\u00f3n<\/h4>\n<p>La Vitrina Tur\u00edstica ANATO 2026 se perfila no solo como un evento crucial para el sector tur\u00edstico de Colombia, sino como una celebraci\u00f3n de la riqueza cultural y natural del pa\u00eds. Con la promesa de atraer la atenci\u00f3n de actores internacionales y la oportunidad de crear alianzas estrat\u00e9gicas, se espera que esta edici\u00f3n potencie el turismo colombiano y, al mismo tiempo, impulse el desarrollo social y econ\u00f3mico de las comunidades locales. Sin duda, ser\u00e1 un evento que marcar\u00e1 un hito en el camino hacia una industria tur\u00edstica m\u00e1s vibrante y sostenible. \u00a1Marca el calendario y no te quedes fuera de esta cita imperdible!<\/p>\n<p><em> &#8221; Sources www.ladevi.info &#8221; <\/em><\/p>\n","protected":false},"excerpt":{"rendered":"<p>Vitrina Tur\u00edstica ANATO 2026: Un Encuentro Imperdible para el Sector Tur\u00edstico en Colombia El sector tur\u00edstico de Colombia est\u00e1 a la expectativa de uno de los eventos m\u00e1s destacados del calendario: la Vitrina Tur\u00edstica ANATO. En su pr\u00f3ximo encuentro programado para 2026, este sal\u00f3n se consolidar\u00e1 como un espacio esencial para el intercambio de conocimientos, [&hellip;]<\/p>\n","protected":false},"author":4,"featured_media":1132261,"comment_status":"open","ping_status":"closed","sticky":false,"template":"","format":"standard","meta":{"om_disable_all_campaigns":false,"jnews-multi-image_gallery":[],"jnews_single_post":[],"jnews_primary_category":[],"jnews_social_meta":[],"footnotes":""},"categories":[40],"tags":[3507,723,591,6963,6020,1610],"class_list":["post-1132260","post","type-post","status-publish","format-standard","has-post-thumbnail","hentry","category-industria","tag-calendario","tag-evento","tag-fecha","tag-lugar","tag-organizacion","tag-planificacion"],"_links":{"self":[{"href":"https:\/\/dimensionturistica.com\/es\/wp-json\/wp\/v2\/posts\/1132260","targetHints":{"allow":["GET"]}}],"collection":[{"href":"https:\/\/dimensionturistica.com\/es\/wp-json\/wp\/v2\/posts"}],"about":[{"href":"https:\/\/dimensionturistica.com\/es\/wp-json\/wp\/v2\/types\/post"}],"author":[{"embeddable":true,"href":"https:\/\/dimensionturistica.com\/es\/wp-json\/wp\/v2\/users\/4"}],"replies":[{"embeddable":true,"href":"https:\/\/dimensionturistica.com\/es\/wp-json\/wp\/v2\/comments?post=1132260"}],"version-history":[{"count":1,"href":"https:\/\/dimensionturistica.com\/es\/wp-json\/wp\/v2\/posts\/1132260\/revisions"}],"predecessor-version":[{"id":1132262,"href":"https:\/\/dimensionturistica.com\/es\/wp-json\/wp\/v2\/posts\/1132260\/revisions\/1132262"}],"wp:featuredmedia":[{"embeddable":true,"href":"https:\/\/dimensionturistica.com\/es\/wp-json\/wp\/v2\/media\/1132261"}],"wp:attachment":[{"href":"https:\/\/dimensionturistica.com\/es\/wp-json\/wp\/v2\/media?parent=1132260"}],"wp:term":[{"taxonomy":"category","embeddable":true,"href":"https:\/\/dimensionturistica.com\/es\/wp-json\/wp\/v2\/categories?post=1132260"},{"taxonomy":"post_tag","embeddable":true,"href":"https:\/\/dimensionturistica.com\/es\/wp-json\/wp\/v2\/tags?post=1132260"}],"curies":[{"name":"wp","href":"https:\/\/api.w.org\/{rel}","templated":true}]}}