{"id":1132152,"date":"2026-03-29T21:08:53","date_gmt":"2026-03-29T21:08:53","guid":{"rendered":"https:\/\/dimensionturistica.com\/es\/?p=1132152"},"modified":"2026-03-29T21:08:53","modified_gmt":"2026-03-29T21:08:53","slug":"semana-santa-se-preve-que-mas-de-1-3-millones-de-pasajeros-utilicen-el-transporte-terrestre","status":"publish","type":"post","link":"https:\/\/dimensionturistica.com\/es\/semana-santa-se-preve-que-mas-de-1-3-millones-de-pasajeros-utilicen-el-transporte-terrestre\/","title":{"rendered":"Semana Santa: Se prev\u00e9 que m\u00e1s de 1.3 millones de pasajeros utilicen el transporte terrestre."},"content":{"rendered":"<h3>La Semana Santa en Per\u00fa: Un Viaje de Fe y Tradici\u00f3n<\/h3>\n<p>La Semana Santa es uno de los per\u00edodos m\u00e1s esperados en Per\u00fa, no solo por su significado religioso, sino tambi\u00e9n por la oportunidad que brinda para explorar la riqueza cultural y las bellezas naturales del pa\u00eds. Con m\u00e1s de 1.3 millones de personas proyectadas para movilizarse por tierra, este periodo se consolida como un gran atractivo tur\u00edstico tanto para los peruanos como para los visitantes internacionales.<\/p>\n<h4>Tradiciones que Atraen<\/h4>\n<p>Durante esta festividad, las ciudades peruanas se visten de gala. Los desfiles, misas y procesiones son parte de un mosaico cultural que atrae a turistas ansiosos por vivir una semana llena de tradiciones. Desde las coloridas alfombras en Ayacucho hasta las solemnidades en Cusco, cada regi\u00f3n presenta una forma \u00fanica de conmemorar estos d\u00edas sagrados. El fervor religioso y la devoci\u00f3n se sienten en el aire, creando una atm\u00f3sfera que es a la vez espiritual y festiva.<\/p>\n<h4>Rutas Tur\u00edsticas Populares<\/h4>\n<p>Los destinos m\u00e1s emblem\u00e1ticos del pa\u00eds se preparan para recibir a los viajeros. Cusco, la antigua capital del Imperio Inca, es un punto focal durante esta \u00e9poca. La majestuosa Catedral de Cusco y la Plaza de Armas se convierten en escenarios de ritos y ceremonias. Otro lugar que atrae a muchos es Arequipa, donde la Semana Santa se celebra con gran solemnidad. Aqu\u00ed, los visitantes pueden disfrutar de la gastronom\u00eda local mientras se sumergen en el ambiente festivo.<\/p>\n<p>Para aquellos que buscan una experiencia m\u00e1s tranquila, el norte del pa\u00eds, con sus playas y paisajes naturales, ofrece un escape perfecto. Regiones como Piura y Tumbes son ideales para desconectar y disfrutar del sol, mientras que el sur, con sus valles y monta\u00f1as, invita a la aventura y al contacto con la naturaleza.<\/p>\n<h4>El Transporte: Clave para la Movilizaci\u00f3n<\/h4>\n<p>Con m\u00e1s de 13 millones de usuarios utilizando el transporte terrestre, es fundamental contar con opciones c\u00f3modas y seguras para movilizarse durante esta festividad. Las empresas de bus han intensificado sus operaciones, ofreciendo servicios que van desde el lujo hasta la econom\u00eda, asegurando que todos puedan acceder a sus destinos deseados. Los consejos de reserva anticipada son clave para evitar contratiempos y disfrutar del viaje sin estr\u00e9s.<\/p>\n<h4>Un Destino para Todos<\/h4>\n<p>La diversidad de Per\u00fa se refleja en cada rinc\u00f3n del pa\u00eds durante la Semana Santa. Desde los que buscan experiencias culturales profundas hasta quienes desean relajarse en la playa, hay algo para cada gusto. Las actividades no se limitan a las celebraciones religiosas; ferias de artesan\u00eda, gastronom\u00eda, playas y paisajes de ensue\u00f1o se combinan para ofrecer un panorama perfecto.<\/p>\n<h4>Conclusi\u00f3n<\/h4>\n<p>La Semana Santa en Per\u00fa es m\u00e1s que una festividad religiosa; es una celebraci\u00f3n de la identidad peruana que invita a la reflexi\u00f3n y al disfrute. Con el aumento de la movilizaci\u00f3n y la variedad de ofertas tur\u00edsticas, este es el momento ideal para explorar el pa\u00eds, sumergirse en sus tradiciones y vivir una experiencia \u00fanica que dejar\u00e1 huellas imborrables en el alma de cada visitante. \u00a1Prep\u00e1rate para descubrir lo mejor de Per\u00fa en esta Semana Santa!<\/p>\n<p><em> &#8221; Fuentes www.infobae.com &#8221; <\/em><\/p>\n","protected":false},"excerpt":{"rendered":"<p>La Semana Santa en Per\u00fa: Un Viaje de Fe y Tradici\u00f3n La Semana Santa es uno de los per\u00edodos m\u00e1s esperados en Per\u00fa, no solo por su significado religioso, sino tambi\u00e9n por la oportunidad que brinda para explorar la riqueza cultural y las bellezas naturales del pa\u00eds. Con m\u00e1s de 1.3 millones de personas proyectadas [&hellip;]<\/p>\n","protected":false},"author":4,"featured_media":1132153,"comment_status":"open","ping_status":"closed","sticky":false,"template":"","format":"standard","meta":{"om_disable_all_campaigns":false,"jnews-multi-image_gallery":[],"jnews_single_post":[],"jnews_primary_category":[],"jnews_social_meta":[],"footnotes":""},"categories":[39],"tags":[273377,5945,32572,767,2946,7320,4291,5497,1861,681],"class_list":["post-1132152","post","type-post","status-publish","format-standard","has-post-thumbnail","hentry","category-viajes","tag-1-3-millones","tag-feriado","tag-movilizacion","tag-peru","tag-semana-santa","tag-sutran","tag-transporte-terrestre","tag-usuarios","tag-vacaciones","tag-viaje"],"_links":{"self":[{"href":"https:\/\/dimensionturistica.com\/es\/wp-json\/wp\/v2\/posts\/1132152","targetHints":{"allow":["GET"]}}],"collection":[{"href":"https:\/\/dimensionturistica.com\/es\/wp-json\/wp\/v2\/posts"}],"about":[{"href":"https:\/\/dimensionturistica.com\/es\/wp-json\/wp\/v2\/types\/post"}],"author":[{"embeddable":true,"href":"https:\/\/dimensionturistica.com\/es\/wp-json\/wp\/v2\/users\/4"}],"replies":[{"embeddable":true,"href":"https:\/\/dimensionturistica.com\/es\/wp-json\/wp\/v2\/comments?post=1132152"}],"version-history":[{"count":1,"href":"https:\/\/dimensionturistica.com\/es\/wp-json\/wp\/v2\/posts\/1132152\/revisions"}],"predecessor-version":[{"id":1132154,"href":"https:\/\/dimensionturistica.com\/es\/wp-json\/wp\/v2\/posts\/1132152\/revisions\/1132154"}],"wp:featuredmedia":[{"embeddable":true,"href":"https:\/\/dimensionturistica.com\/es\/wp-json\/wp\/v2\/media\/1132153"}],"wp:attachment":[{"href":"https:\/\/dimensionturistica.com\/es\/wp-json\/wp\/v2\/media?parent=1132152"}],"wp:term":[{"taxonomy":"category","embeddable":true,"href":"https:\/\/dimensionturistica.com\/es\/wp-json\/wp\/v2\/categories?post=1132152"},{"taxonomy":"post_tag","embeddable":true,"href":"https:\/\/dimensionturistica.com\/es\/wp-json\/wp\/v2\/tags?post=1132152"}],"curies":[{"name":"wp","href":"https:\/\/api.w.org\/{rel}","templated":true}]}}