{"id":1132141,"date":"2026-03-29T20:17:37","date_gmt":"2026-03-29T20:17:37","guid":{"rendered":"https:\/\/dimensionturistica.com\/es\/?p=1132141"},"modified":"2026-03-29T20:17:37","modified_gmt":"2026-03-29T20:17:37","slug":"los-stilettos-negros-de-altura-moderada-mas-sofisticados-fueron-lucidos-por-beatrice-borromeo-durante-la-visita-del-papa-leon-xiv","status":"publish","type":"post","link":"https:\/\/dimensionturistica.com\/es\/los-stilettos-negros-de-altura-moderada-mas-sofisticados-fueron-lucidos-por-beatrice-borromeo-durante-la-visita-del-papa-leon-xiv\/","title":{"rendered":"Los stilettos negros de altura moderada m\u00e1s sofisticados fueron lucidos por Beatrice Borromeo durante la visita del Papa Le\u00f3n XIV."},"content":{"rendered":"<h3>Elegancia y Tradici\u00f3n: El Estilo de Bea Borromeo en Monaco<\/h3>\n<p>La glamorosa ciudad de Monaco se viste de gala, no solo por las extraordinarias vistas al mar Mediterr\u00e1neo, sino tambi\u00e9n por la presencia de figuras ic\u00f3nicas que reafirman el inconfundible estilo de la realeza europea. En una reciente visita que dej\u00f3 huella, Bea Borromeo captur\u00f3 la atenci\u00f3n de todos con su impecable look, mostrando que la elegancia no es solo un atributo, sino una expresi\u00f3n cultural.<\/p>\n<h4>Un Vestido que Habla de Historia<\/h4>\n<p>El atuendo de Bea no fue solo una elecci\u00f3n est\u00e9tica, sino un tributo a la rica herencia de su familia y a su conexi\u00f3n con la tradici\u00f3n. Optando por un vestido que evoca la opulencia de \u00e9pocas pasadas, logr\u00f3 fusionar lo cl\u00e1sico con toques contempor\u00e1neos. Este equilibrio es clave en la moda actual, donde el respeto por el legado se ve complementado por la innovaci\u00f3n. El dise\u00f1o, marcado por detalles que resaltan su figura, es un recordatorio de que la realeza tambi\u00e9n puede ser accesible.<\/p>\n<h4>Accesorios que Elevan el Look<\/h4>\n<p>Los zapatos negros de tac\u00f3n que eligi\u00f3 son m\u00e1s que un simple complemento; son una declaraci\u00f3n de intenciones. Con un dise\u00f1o elegante y sofisticado, estos zapatos aportan un aire de autoridad y seguridad, perfectos para una ocasi\u00f3n de tal magnitud. La elecci\u00f3n del calzado no solo enfatiza la figura esbelta de Bea, sino que tambi\u00e9n a\u00f1ade un toque de audacia a su outfit. Es un ejemplo impecable de c\u00f3mo los detalles pueden transformar lo ordinario en extraordinario.<\/p>\n<h4>El Velo: Un Toque de Distinci\u00f3n<\/h4>\n<p>Quiz\u00e1 uno de los elementos m\u00e1s impactantes fue el velo que adornaba su peinado. Este accesorio, cargado de simbolismo, no es simplemente decorativo; es un poderoso recordatorio de la tradici\u00f3n nupcial que se entrelaza con la modernidad del evento, reflejando la dualidad de su identidad como mujer contempor\u00e1nea y arist\u00f3crata. En un mundo donde las tendencias van y vienen, un velo bien llevado es un signo de que ciertos elementos nunca pasar\u00e1n de moda.<\/p>\n<h4>En el Contexto de la Visita Papal<\/h4>\n<p>La presencia de Bea en un evento tan significativo como la visita de un l\u00edder religioso resalta la importancia de la moda en el \u00e1mbito de las ceremonias oficiales. M\u00e1s all\u00e1 de los estereotipos, la moda tiene el poder de comunicar y conectar a las personas. La sinergia entre el evento y el estilo de Bea cre\u00f3 una atm\u00f3sfera \u00fanica, donde la visualidad y el contenido emocional se entrelazan de manera extraordinaria.<\/p>\n<h4>La Influencia de la Moda en la Cultura Actual<\/h4>\n<p>El impacto de Bea Borromeo en esta ocasi\u00f3n va m\u00e1s all\u00e1 de su vestuario. Su atuendo ha sido objeto de an\u00e1lisis en redes sociales, donde los amantes de la moda discuten cada elemento con entusiasmo. Este fen\u00f3meno nos recuerda que la moda es un di\u00e1logo continuo, una forma de expresi\u00f3n que puede influir en la cultura de manera profunda.<\/p>\n<p>En la actualidad, donde la rapidez de las tendencias puede llevar a la saturaci\u00f3n, es refrescante ver c\u00f3mo figuras p\u00fablicas utilizan la moda para contar historias, abrazar tradiciones y a la vez renovarlas. Bea Borromeo, con su personal estilo, ha logrado hacer una vez m\u00e1s que el mundo se rinda ante la belleza y el significado profundo de cada elecci\u00f3n de vestuario.<\/p>\n<p>La pr\u00f3xima vez que pienses en moda, recuerda que cada prenda vestida lleva consigo no solo un dise\u00f1o, sino tambi\u00e9n una narrativa que vale la pena explorar y celebrar.<\/p>\n<p><em> &#8221; Fuentes www.vogue.mx &#8221; <\/em><\/p>\n","protected":false},"excerpt":{"rendered":"<p>Elegancia y Tradici\u00f3n: El Estilo de Bea Borromeo en Monaco La glamorosa ciudad de Monaco se viste de gala, no solo por las extraordinarias vistas al mar Mediterr\u00e1neo, sino tambi\u00e9n por la presencia de figuras ic\u00f3nicas que reafirman el inconfundible estilo de la realeza europea. En una reciente visita que dej\u00f3 huella, Bea Borromeo captur\u00f3 [&hellip;]<\/p>\n","protected":false},"author":14,"featured_media":1132142,"comment_status":"open","ping_status":"closed","sticky":false,"template":"","format":"standard","meta":{"om_disable_all_campaigns":false,"jnews-multi-image_gallery":[],"jnews_single_post":[],"jnews_primary_category":[],"jnews_social_meta":[],"footnotes":""},"categories":[144872],"tags":[25968,6446,73806,7758,166,223034,659,230504,273369,2182,273370,16753],"class_list":["post-1132141","post","type-post","status-publish","format-standard","has-post-thumbnail","hentry","category-fashion","tag-beatrice-borromeo","tag-celebridades","tag-elegancia","tag-estilo","tag-fashion","tag-leon-xiv","tag-moda","tag-primavera-verano-2026","tag-tacon-medio","tag-tendencias","tag-visita-papal","tag-zapatos"],"_links":{"self":[{"href":"https:\/\/dimensionturistica.com\/es\/wp-json\/wp\/v2\/posts\/1132141","targetHints":{"allow":["GET"]}}],"collection":[{"href":"https:\/\/dimensionturistica.com\/es\/wp-json\/wp\/v2\/posts"}],"about":[{"href":"https:\/\/dimensionturistica.com\/es\/wp-json\/wp\/v2\/types\/post"}],"author":[{"embeddable":true,"href":"https:\/\/dimensionturistica.com\/es\/wp-json\/wp\/v2\/users\/14"}],"replies":[{"embeddable":true,"href":"https:\/\/dimensionturistica.com\/es\/wp-json\/wp\/v2\/comments?post=1132141"}],"version-history":[{"count":1,"href":"https:\/\/dimensionturistica.com\/es\/wp-json\/wp\/v2\/posts\/1132141\/revisions"}],"predecessor-version":[{"id":1132143,"href":"https:\/\/dimensionturistica.com\/es\/wp-json\/wp\/v2\/posts\/1132141\/revisions\/1132143"}],"wp:featuredmedia":[{"embeddable":true,"href":"https:\/\/dimensionturistica.com\/es\/wp-json\/wp\/v2\/media\/1132142"}],"wp:attachment":[{"href":"https:\/\/dimensionturistica.com\/es\/wp-json\/wp\/v2\/media?parent=1132141"}],"wp:term":[{"taxonomy":"category","embeddable":true,"href":"https:\/\/dimensionturistica.com\/es\/wp-json\/wp\/v2\/categories?post=1132141"},{"taxonomy":"post_tag","embeddable":true,"href":"https:\/\/dimensionturistica.com\/es\/wp-json\/wp\/v2\/tags?post=1132141"}],"curies":[{"name":"wp","href":"https:\/\/api.w.org\/{rel}","templated":true}]}}