{"id":1132105,"date":"2026-03-29T18:34:54","date_gmt":"2026-03-29T18:34:54","guid":{"rendered":"https:\/\/dimensionturistica.com\/es\/?p=1132105"},"modified":"2026-03-29T18:34:54","modified_gmt":"2026-03-29T18:34:54","slug":"los-estilos-mas-destacados-de-la-moda-en-el-festival-tecate-pal-norte-2026","status":"publish","type":"post","link":"https:\/\/dimensionturistica.com\/es\/los-estilos-mas-destacados-de-la-moda-en-el-festival-tecate-pal-norte-2026\/","title":{"rendered":"Los estilos m\u00e1s destacados de la moda en el Festival Tecate Pal Norte 2026"},"content":{"rendered":"<h3>La Pasarela de Tecate Pa&#8217;l Norte: Estilos que Marcaron Tendencia<\/h3>\n<p>En la vibrante atm\u00f3sfera de Tecate Pa&#8217;l Norte 2026, la moda se convirti\u00f3 en un componente esencial de la experiencia musical, ofreciendo un fest\u00edn visual tan atractivo como las actuaciones que se desarrollaban en el escenario. Este evento no solo celebr\u00f3 la m\u00fasica, sino que tambi\u00e9n se consagr\u00f3 como un escaparate de estilos audaces que dejaron una huella imborrable. A continuaci\u00f3n, un repaso por los looks m\u00e1s impactantes que definieron la est\u00e9tica del festival.<\/p>\n<h4>Estilos Urbanos y Vanguardistas<\/h4>\n<p>Uno de los elementos m\u00e1s notables fue la fusi\u00f3n de lo urbano con lo vanguardista. Muchas asistentes optaron por prendas oversized, combinando comodidad y estilo de manera impecable. Las chaquetas de gran tama\u00f1o, junto con pantalones de tiro alto, brindaron un aire desenfadado, perfecto para disfrutar de la m\u00fasica sin sacrificar la est\u00e9tica. Este enfoque recuerda la tendencia del street style, que juega con las proporciones para destacar individualidad.<\/p>\n<h4>Colores y Patrones que Hipnotizan<\/h4>\n<p>La paleta de colores fue otro punto a resaltar. Desde tonos ne\u00f3n hasta estampados florales, los asistentes no temieron experimentar. Los looks en tonos brillantes y patrones complejos capturaron la energ\u00eda del festival, haciendo que el p\u00fablico no solo escuchara m\u00fasica, sino que tambi\u00e9n viera un espect\u00e1culo visual en cada rinc\u00f3n del evento. \u00bfQui\u00e9n dijo que el color no puede ser protagonista?<\/p>\n<h4>Accesorios que Cuentan Historias<\/h4>\n<p>Los accesorios desempe\u00f1aron un papel fundamental en la construcci\u00f3n de los looks. Gafas de sol de gran tama\u00f1o, joyer\u00eda excesiva y sombreros \u00fanicos elevaron las combinaciones m\u00e1s simples a declaraciones audaces. Un toque de creatividad en los accesorios puede transformar cualquier outfit, convirti\u00e9ndolo en una obra maestra personal que invita a la conversaci\u00f3n.<\/p>\n<h4>Calzado Comfort y Estilo<\/h4>\n<p>El calzado, como parte esencial del atuendo, se posicion\u00f3 entre lo pr\u00e1ctico y lo est\u00e9tico. Desde botines con plataforma hasta zapatillas de dise\u00f1o, la versatilidad del calzado fue un factor decisivo para disfrutar del festival a plenitud. La comodidad no rest\u00f3 un \u00e1pice de estilo, permitiendo a los asistentes moverse libremente entre conciertos y actividades.<\/p>\n<h4>Un Homenaje a la Diversidad<\/h4>\n<p>Tecate Pa&#8217;l Norte 2026 tambi\u00e9n se destac\u00f3 por reflejar una diversidad en las tendencias. Cada asistente, con su estilo \u00fanico, represent\u00f3 una rica gama de identidades, creando una atm\u00f3sfera inclusiva donde la moda se convirti\u00f3 en un lenguaje de expresi\u00f3n personal. Las diferencias no solo se aceptaron, sino que se celebraron, enriqueci\u00e9ndose as\u00ed la experiencia colectiva del festival.<\/p>\n<h4>El Futuro de la Moda Festivalera<\/h4>\n<p>Los looks de este evento perfilan un camino hacia el futuro, donde la moda se fusiona con la m\u00fasica de manera m\u00e1s integral. La autenticidad y el deseo de autoexpresi\u00f3n son ahora m\u00e1s que nunca protagonistas en la narrativa de los festivales. Tecate Pa&#8217;l Norte 2026 no solo fue un evento musical; fue un fen\u00f3meno cultural donde cada outfit contaba una historia.<\/p>\n<p>En resumen, el festival super\u00f3 las expectativas no solo en su l\u00ednea de artistas, sino tambi\u00e9n en la impresionante vitrina de estilos que inspir\u00f3 a todos los presentes. La moda y la m\u00fasica se entrelazan de formas inesperadas, creando momentos \u00fanicos que resonar\u00e1n mucho all\u00e1 despu\u00e9s del \u00faltimo acorde. Sin duda, la pr\u00f3xima edici\u00f3n promete m\u00e1s sorpresas y creatividad desbordante.<\/p>\n<p><em> &#8221; Fuentes www.vogue.mx &#8221; <\/em><\/p>\n","protected":false},"excerpt":{"rendered":"<p>La Pasarela de Tecate Pa&#8217;l Norte: Estilos que Marcaron Tendencia En la vibrante atm\u00f3sfera de Tecate Pa&#8217;l Norte 2026, la moda se convirti\u00f3 en un componente esencial de la experiencia musical, ofreciendo un fest\u00edn visual tan atractivo como las actuaciones que se desarrollaban en el escenario. Este evento no solo celebr\u00f3 la m\u00fasica, sino que [&hellip;]<\/p>\n","protected":false},"author":14,"featured_media":1132106,"comment_status":"open","ping_status":"closed","sticky":false,"template":"","format":"standard","meta":{"om_disable_all_campaigns":false,"jnews-multi-image_gallery":[],"jnews_single_post":[],"jnews_primary_category":[],"jnews_social_meta":[],"footnotes":""},"categories":[144872],"tags":[55723,7758,166,872,14971,769,659,2282,219101,2182],"class_list":["post-1132105","post","type-post","status-publish","format-standard","has-post-thumbnail","hentry","category-fashion","tag-55723","tag-estilo","tag-fashion","tag-festival","tag-looks","tag-mexico","tag-moda","tag-musica","tag-tecate-pal-norte","tag-tendencias"],"_links":{"self":[{"href":"https:\/\/dimensionturistica.com\/es\/wp-json\/wp\/v2\/posts\/1132105","targetHints":{"allow":["GET"]}}],"collection":[{"href":"https:\/\/dimensionturistica.com\/es\/wp-json\/wp\/v2\/posts"}],"about":[{"href":"https:\/\/dimensionturistica.com\/es\/wp-json\/wp\/v2\/types\/post"}],"author":[{"embeddable":true,"href":"https:\/\/dimensionturistica.com\/es\/wp-json\/wp\/v2\/users\/14"}],"replies":[{"embeddable":true,"href":"https:\/\/dimensionturistica.com\/es\/wp-json\/wp\/v2\/comments?post=1132105"}],"version-history":[{"count":1,"href":"https:\/\/dimensionturistica.com\/es\/wp-json\/wp\/v2\/posts\/1132105\/revisions"}],"predecessor-version":[{"id":1132107,"href":"https:\/\/dimensionturistica.com\/es\/wp-json\/wp\/v2\/posts\/1132105\/revisions\/1132107"}],"wp:featuredmedia":[{"embeddable":true,"href":"https:\/\/dimensionturistica.com\/es\/wp-json\/wp\/v2\/media\/1132106"}],"wp:attachment":[{"href":"https:\/\/dimensionturistica.com\/es\/wp-json\/wp\/v2\/media?parent=1132105"}],"wp:term":[{"taxonomy":"category","embeddable":true,"href":"https:\/\/dimensionturistica.com\/es\/wp-json\/wp\/v2\/categories?post=1132105"},{"taxonomy":"post_tag","embeddable":true,"href":"https:\/\/dimensionturistica.com\/es\/wp-json\/wp\/v2\/tags?post=1132105"}],"curies":[{"name":"wp","href":"https:\/\/api.w.org\/{rel}","templated":true}]}}