{"id":1132050,"date":"2026-03-29T16:56:54","date_gmt":"2026-03-29T16:56:54","guid":{"rendered":"https:\/\/dimensionturistica.com\/es\/?p=1132050"},"modified":"2026-03-29T16:56:54","modified_gmt":"2026-03-29T16:56:54","slug":"asetur-fortalece-la-coordinacion-institucional-y-con-el-sector-privado-para-impulsar-el-turismo-de-mexico","status":"publish","type":"post","link":"https:\/\/dimensionturistica.com\/es\/asetur-fortalece-la-coordinacion-institucional-y-con-el-sector-privado-para-impulsar-el-turismo-de-mexico\/","title":{"rendered":"ASETUR fortalece la coordinaci\u00f3n institucional y con el sector privado para impulsar el turismo de M\u00e9xico"},"content":{"rendered":"\n<p>El presidente de ASETUR, Bernardo Cueto, inform\u00f3 los acuerdos alcanzados en la 67\u00aa Asamblea, celebrada en la ciudad de Puebla, espacio clave para la toma de decisiones estrat\u00e9gicas del sector.<\/p>\n\n\n\n<p>Destac\u00f3 que participaron la secretaria de Turismo federal, Josefina Rodr\u00edguez Zamora, el gobernador de Puebla, Alejandro Armenta Mier, y la titular de Sectur Puebla, Carla L\u00f3pez-Malo Villal\u00f3n.<\/p>\n\n\n\n<figure class=\"wp-block-gallery has-nested-images columns-default is-cropped wp-block-gallery-1 is-layout-flex wp-block-gallery-is-layout-flex\">\n<figure class=\"wp-block-image size-large\"><img decoding=\"async\" width=\"500\" height=\"333\" data-id=\"1132051\" src=\"https:\/\/dimensionturistica.com\/es\/wp-content\/uploads\/2026\/03\/3ASETUR-1.jpg\" alt=\"\" class=\"wp-image-1132051\" srcset=\"https:\/\/dimensionturistica.com\/es\/wp-content\/uploads\/2026\/03\/3ASETUR-1.jpg 500w, https:\/\/dimensionturistica.com\/es\/wp-content\/uploads\/2026\/03\/3ASETUR-1-300x200.jpg 300w\" sizes=\"(max-width: 500px) 100vw, 500px\" \/><\/figure>\n<\/figure>\n\n\n\n<p>El vicepresidente de la Zona Sur de ASETUR y secretario de Turismo de Guerrero, Sim\u00f3n Qui\u00f1ones, habl\u00f3 de la edici\u00f3n del Tianguis Tur\u00edstico M\u00e9xico 2026, que ser\u00e1 en Acapulco, y el subsecretario de Turismo de Quintana Roo, Andr\u00e9s Aguilar, present\u00f3 la convocatoria Ixmukan\u00e9.<\/p>\n\n\n\n<p>El presidente de las Secretarias y Secretarios de Turismo de M\u00e9xico (ASETUR), Bernardo Cueto Riestra reafirm\u00f3 su compromiso de consolidar al turismo como una prioridad nacional, mediante una agenda estrat\u00e9gica basada en la coordinaci\u00f3n interinstitucional y la colaboraci\u00f3n estrat\u00e9gica con el sector privado para fortalecer la inversi\u00f3n y la promoci\u00f3n tur\u00edstica del pa\u00eds en mercados internacionales.<\/p>\n\n\n\n<figure class=\"wp-block-gallery has-nested-images columns-default is-cropped wp-block-gallery-2 is-layout-flex wp-block-gallery-is-layout-flex\">\n<figure class=\"wp-block-image size-large\"><img decoding=\"async\" width=\"500\" height=\"772\" data-id=\"1132052\" src=\"https:\/\/dimensionturistica.com\/es\/wp-content\/uploads\/2026\/03\/8ASETUR.jpg\" alt=\"\" class=\"wp-image-1132052\" srcset=\"https:\/\/dimensionturistica.com\/es\/wp-content\/uploads\/2026\/03\/8ASETUR.jpg 500w, https:\/\/dimensionturistica.com\/es\/wp-content\/uploads\/2026\/03\/8ASETUR-194x300.jpg 194w\" sizes=\"(max-width: 500px) 100vw, 500px\" \/><\/figure>\n<\/figure>\n\n\n\n<p>En conferencia de prensa virtual, el tambi\u00e9n secretario de Turismo de Quintana Roo present\u00f3 los acuerdos alcanzados durante la 67\u00aa Asamblea General Ordinaria, celebrada en la ciudad de Puebla, en la cual destac\u00f3 la participaci\u00f3n de la secretaria de Turismo del Gobierno de M\u00e9xico, Josefina Rodr\u00edguez Zamora, el gobernador de Puebla, Alejandro Armenta Mier, y la titular de Sectur Puebla, Carla L\u00f3pez-Malo Villal\u00f3n, consolidando el encuentro como un espacio clave para la toma de decisiones estrat\u00e9gicas del sector.<\/p>\n\n\n\n<figure class=\"wp-block-gallery has-nested-images columns-default is-cropped wp-block-gallery-3 is-layout-flex wp-block-gallery-is-layout-flex\">\n<figure class=\"wp-block-image size-large\"><img decoding=\"async\" width=\"500\" height=\"333\" data-id=\"1132053\" src=\"https:\/\/dimensionturistica.com\/es\/wp-content\/uploads\/2026\/03\/4ASETUR-1.jpg\" alt=\"\" class=\"wp-image-1132053\" srcset=\"https:\/\/dimensionturistica.com\/es\/wp-content\/uploads\/2026\/03\/4ASETUR-1.jpg 500w, https:\/\/dimensionturistica.com\/es\/wp-content\/uploads\/2026\/03\/4ASETUR-1-300x200.jpg 300w\" sizes=\"(max-width: 500px) 100vw, 500px\" \/><\/figure>\n<\/figure>\n\n\n\n<p>Cueto Riestra subray\u00f3 que el organismo que preside, en conjunto con Sectur federal y el Consejo Nacional Empresarial Tur\u00edstico (CNET) refrendaron la coordinaci\u00f3n para seguir impulsando al turismo en M\u00e9xico, al coincidir en que el sector se mantiene fuerte y en constante crecimiento.<\/p>\n\n\n\n<p>Indic\u00f3 que ASETUR trabaja de manera coordinada con el CNET para desarrollar una estrategia integral que proyecte un mensaje positivo y veraz del turismo en M\u00e9xico, que busca resaltar la calidad de los destinos, la infraestructura disponible y la hospitalidad que distingue al pa\u00eds, as\u00ed como garantizar experiencias seguras y de alto nivel para los visitantes.<\/p>\n\n\n\n<figure class=\"wp-block-gallery has-nested-images columns-default is-cropped wp-block-gallery-4 is-layout-flex wp-block-gallery-is-layout-flex\">\n<figure class=\"wp-block-image size-large\"><img decoding=\"async\" width=\"500\" height=\"333\" data-id=\"1132054\" src=\"https:\/\/dimensionturistica.com\/es\/wp-content\/uploads\/2026\/03\/5ASETUR.jpg\" alt=\"\" class=\"wp-image-1132054\" srcset=\"https:\/\/dimensionturistica.com\/es\/wp-content\/uploads\/2026\/03\/5ASETUR.jpg 500w, https:\/\/dimensionturistica.com\/es\/wp-content\/uploads\/2026\/03\/5ASETUR-300x200.jpg 300w\" sizes=\"(max-width: 500px) 100vw, 500px\" \/><\/figure>\n<\/figure>\n\n\n\n<p>Uno de los ejes centrales de esta agenda es el impulso a un modelo de coinversi\u00f3n con reglas claras y m\u00e9tricas verificables, que permita incrementar la inversi\u00f3n en promoci\u00f3n tur\u00edstica.<\/p>\n\n\n\n<p>El presidente de ASETUR destac\u00f3 la importancia de fortalecer alianzas estrat\u00e9gicas con organismos nacionales e internacionales, as\u00ed como con el sector empresarial, para consolidar una pol\u00edtica tur\u00edstica m\u00e1s competitiva. En ese tenor, se lleva a cabo el proceso de afiliaci\u00f3n a la ONU Turismo y al Consejo Mundial de Viajes y Turismo (WTTC), con el objetivo de ampliar la presencia de las entidades de M\u00e9xico en el \u00e1mbito internacional.<\/p>\n\n\n\n<figure class=\"wp-block-gallery has-nested-images columns-default is-cropped wp-block-gallery-5 is-layout-flex wp-block-gallery-is-layout-flex\">\n<figure class=\"wp-block-image size-large\"><img decoding=\"async\" width=\"500\" height=\"500\" data-id=\"1132055\" src=\"https:\/\/dimensionturistica.com\/es\/wp-content\/uploads\/2026\/03\/2ASETUR-1.jpg\" alt=\"\" class=\"wp-image-1132055\" srcset=\"https:\/\/dimensionturistica.com\/es\/wp-content\/uploads\/2026\/03\/2ASETUR-1.jpg 500w, https:\/\/dimensionturistica.com\/es\/wp-content\/uploads\/2026\/03\/2ASETUR-1-300x300.jpg 300w, https:\/\/dimensionturistica.com\/es\/wp-content\/uploads\/2026\/03\/2ASETUR-1-150x150.jpg 150w, https:\/\/dimensionturistica.com\/es\/wp-content\/uploads\/2026\/03\/2ASETUR-1-75x75.jpg 75w, https:\/\/dimensionturistica.com\/es\/wp-content\/uploads\/2026\/03\/2ASETUR-1-350x350.jpg 350w\" sizes=\"(max-width: 500px) 100vw, 500px\" \/><\/figure>\n<\/figure>\n\n\n\n<p>En materia de promoci\u00f3n y desarrollo de mercados, M\u00e9xico tuvo una relevante participaci\u00f3n en la Vitrina Tur\u00edstica de ANATO, en Colombia, una de las ferias tur\u00edsticas m\u00e1s importantes del continente, en donde 13 entidades federativas impulsaron su oferta tur\u00edstica ante m\u00e1s de 50 mil visitantes.<\/p>\n\n\n\n<p>Adem\u00e1s, de gira en Brasil, el presidente de ASETUR sostuvo una reuni\u00f3n de trabajo con Alberto Limas, vicec\u00f3nsul de M\u00e9xico en S\u00e3o Paulo, para dialogar sobre el regreso de la visa electr\u00f3nica y las oportunidades que esta medida abre para fortalecer la llegada de viajeros brasile\u00f1os a M\u00e9xico.<\/p>\n\n\n\n<p>De cara al Mundial de Futbol 2026, Cueto Riestra inform\u00f3 que se intensifica la coordinaci\u00f3n con autoridades de M\u00e9xico, Estados Unidos y Canad\u00e1 para fortalecer la seguridad tur\u00edstica, la prevenci\u00f3n de riesgos y la capacidad de respuesta ante la llegada de visitantes internacionales.<\/p>\n\n\n\n<figure class=\"wp-block-gallery has-nested-images columns-default is-cropped wp-block-gallery-6 is-layout-flex wp-block-gallery-is-layout-flex\">\n<figure class=\"wp-block-image size-large\"><img decoding=\"async\" width=\"500\" height=\"333\" data-id=\"1132056\" src=\"https:\/\/dimensionturistica.com\/es\/wp-content\/uploads\/2026\/03\/6ASETUR-1.jpg\" alt=\"\" class=\"wp-image-1132056\" srcset=\"https:\/\/dimensionturistica.com\/es\/wp-content\/uploads\/2026\/03\/6ASETUR-1.jpg 500w, https:\/\/dimensionturistica.com\/es\/wp-content\/uploads\/2026\/03\/6ASETUR-1-300x200.jpg 300w\" sizes=\"(max-width: 500px) 100vw, 500px\" \/><\/figure>\n<\/figure>\n\n\n\n<p>Paralelamente, se impulsa la estrategia \u201cVerifica y Viaja\u201d para prevenir fraudes y proteger al consumidor; y con la American Chamber of Commerce of Mexico (AmCham) que preside Carlos Garc\u00eda, se particip\u00f3 en el evento Seguridad y Turismo rumbo a este importante evento deportivo.<\/p>\n\n\n\n<p>Como parte del fortalecimiento del turismo de cruceros, ASETUR apoya a Sectur federal en la coordinaci\u00f3n con la Florida-Caribbean Cruise Association (FCCA) y las navieras para facilitar el cumplimiento de los acuerdos establecidos en el Memor\u00e1ndum de Entendimiento firmado entre el Gobierno de M\u00e9xico y la FCCA, orientado a incrementar la proveedur\u00eda nacional, promover artesan\u00edas mexicanas, generar mayor derrama econ\u00f3mica en los destinos, entre otros acuerdos.<\/p>\n\n\n\n<figure class=\"wp-block-gallery has-nested-images columns-default is-cropped wp-block-gallery-7 is-layout-flex wp-block-gallery-is-layout-flex\">\n<figure class=\"wp-block-image size-large\"><img decoding=\"async\" width=\"500\" height=\"333\" data-id=\"1132057\" src=\"https:\/\/dimensionturistica.com\/es\/wp-content\/uploads\/2026\/03\/7ASETUR.jpg\" alt=\"\" class=\"wp-image-1132057\" srcset=\"https:\/\/dimensionturistica.com\/es\/wp-content\/uploads\/2026\/03\/7ASETUR.jpg 500w, https:\/\/dimensionturistica.com\/es\/wp-content\/uploads\/2026\/03\/7ASETUR-300x200.jpg 300w\" sizes=\"(max-width: 500px) 100vw, 500px\" \/><\/figure>\n<\/figure>\n\n\n\n<p>Inform\u00f3 tambi\u00e9n la incorporaci\u00f3n de Volaris, Despegar y Uber, como aliados estrat\u00e9gicos, consolidando un modelo de trabajo incluyente que integra a m\u00e1s actores de la cadena de valor tur\u00edstica.<\/p>\n\n\n\n<p>\u201cCon una oferta diversificada y una agenda s\u00f3lida que permitir\u00e1 capitalizar eventos de gran escala y consolidar la confianza de los mercados internacionales, ASETUR continuar\u00e1 impulsando acciones coordinadas para fortalecer la competitividad del sector y garantizar que el turismo siga siendo un motor de desarrollo econ\u00f3mico y bienestar social para el pa\u00eds\u201d, concluy\u00f3 Cueto Riestra.<\/p>\n\n\n\n<p>Participaci\u00f3n de los estados<\/p>\n\n\n\n<figure class=\"wp-block-gallery has-nested-images columns-default is-cropped wp-block-gallery-8 is-layout-flex wp-block-gallery-is-layout-flex\">\n<figure class=\"wp-block-image size-large\"><img decoding=\"async\" width=\"500\" height=\"333\" data-id=\"1132058\" src=\"https:\/\/dimensionturistica.com\/es\/wp-content\/uploads\/2026\/03\/9ASETUR.jpg\" alt=\"\" class=\"wp-image-1132058\" srcset=\"https:\/\/dimensionturistica.com\/es\/wp-content\/uploads\/2026\/03\/9ASETUR.jpg 500w, https:\/\/dimensionturistica.com\/es\/wp-content\/uploads\/2026\/03\/9ASETUR-300x200.jpg 300w\" sizes=\"(max-width: 500px) 100vw, 500px\" \/><\/figure>\n<\/figure>\n\n\n\n<p>En la conferencia de prensa virtual, el vicepresidente de la Zona Sur de ASETUR y secretario de Turismo de Guerrero, Sim\u00f3n Qui\u00f1ones Orozco, habl\u00f3 de la edici\u00f3n 50 del Tianguis Tur\u00edstico M\u00e9xico, que se llevar\u00e1 a cabo del 27 al 30 de abril en Acapulco. Coment\u00f3 que el evento representa una plataforma clave para la generaci\u00f3n de negocios, la atracci\u00f3n de compradores internacionales y el posicionamiento global del pa\u00eds.<\/p>\n\n\n\n<p>Agreg\u00f3 que contar\u00e1 con la participaci\u00f3n de los 32 estados, as\u00ed como compradores de 17 pa\u00edses y la presencia in\u00e9dita de stands internacionales, lo que refuerza su car\u00e1cter global. Asimismo, asegur\u00f3 que Acapulco se encuentra en plena recuperaci\u00f3n, con una s\u00f3lida infraestructura hotelera y conectividad a\u00e9rea restablecida, lo que garantiza una experiencia exitosa para los asistentes.<\/p>\n\n\n\n<figure class=\"wp-block-gallery has-nested-images columns-default is-cropped wp-block-gallery-9 is-layout-flex wp-block-gallery-is-layout-flex\">\n<figure class=\"wp-block-image size-large\"><img decoding=\"async\" width=\"500\" height=\"333\" data-id=\"1132059\" src=\"https:\/\/dimensionturistica.com\/es\/wp-content\/uploads\/2026\/03\/12ASETUR.jpg\" alt=\"\" class=\"wp-image-1132059\" srcset=\"https:\/\/dimensionturistica.com\/es\/wp-content\/uploads\/2026\/03\/12ASETUR.jpg 500w, https:\/\/dimensionturistica.com\/es\/wp-content\/uploads\/2026\/03\/12ASETUR-300x200.jpg 300w\" sizes=\"(max-width: 500px) 100vw, 500px\" \/><\/figure>\n<\/figure>\n\n\n\n<p>Por su parte, el subsecretario de Turismo de Gesti\u00f3n Tur\u00edstica de Quintana Roo, Andr\u00e9s Aguilar Becerril, present\u00f3 la convocatoria Ixmukan\u00e9, una iniciativa de la regi\u00f3n Mundo Maya que busca reconocer a mujeres portadoras del conocimiento ancestral maya, y promueve el turismo comunitario y la autenticidad cultural, alineada con las tendencias globales de viaje.<\/p>\n\n\n\n<p>La convocatoria, que estar\u00e1 abierta del 20 de marzo al 20 de abril, seleccionar\u00e1 a representantes de cada estado del sureste para compartir saberes, tradiciones y cosmovisi\u00f3n, fortaleciendo la identidad cultural y generando experiencias tur\u00edsticas m\u00e1s profundas y sostenibles.<\/p>\n","protected":false},"excerpt":{"rendered":"<p>El presidente de ASETUR, Bernardo Cueto, inform\u00f3 los acuerdos alcanzados en la 67\u00aa Asamblea, celebrada en la ciudad de Puebla, espacio clave para la toma de decisiones estrat\u00e9gicas del sector. Destac\u00f3 que participaron la secretaria de Turismo federal, Josefina Rodr\u00edguez Zamora, el gobernador de Puebla, Alejandro Armenta Mier, y la titular de Sectur Puebla, Carla [&hellip;]<\/p>\n","protected":false},"author":1,"featured_media":0,"comment_status":"open","ping_status":"closed","sticky":false,"template":"","format":"standard","meta":{"om_disable_all_campaigns":false,"jnews-multi-image_gallery":[],"jnews_single_post":{"format":"standard"},"jnews_primary_category":[],"jnews_social_meta":[],"footnotes":""},"categories":[39],"tags":[],"class_list":["post-1132050","post","type-post","status-publish","format-standard","hentry","category-viajes"],"_links":{"self":[{"href":"https:\/\/dimensionturistica.com\/es\/wp-json\/wp\/v2\/posts\/1132050","targetHints":{"allow":["GET"]}}],"collection":[{"href":"https:\/\/dimensionturistica.com\/es\/wp-json\/wp\/v2\/posts"}],"about":[{"href":"https:\/\/dimensionturistica.com\/es\/wp-json\/wp\/v2\/types\/post"}],"author":[{"embeddable":true,"href":"https:\/\/dimensionturistica.com\/es\/wp-json\/wp\/v2\/users\/1"}],"replies":[{"embeddable":true,"href":"https:\/\/dimensionturistica.com\/es\/wp-json\/wp\/v2\/comments?post=1132050"}],"version-history":[{"count":1,"href":"https:\/\/dimensionturistica.com\/es\/wp-json\/wp\/v2\/posts\/1132050\/revisions"}],"predecessor-version":[{"id":1132063,"href":"https:\/\/dimensionturistica.com\/es\/wp-json\/wp\/v2\/posts\/1132050\/revisions\/1132063"}],"wp:attachment":[{"href":"https:\/\/dimensionturistica.com\/es\/wp-json\/wp\/v2\/media?parent=1132050"}],"wp:term":[{"taxonomy":"category","embeddable":true,"href":"https:\/\/dimensionturistica.com\/es\/wp-json\/wp\/v2\/categories?post=1132050"},{"taxonomy":"post_tag","embeddable":true,"href":"https:\/\/dimensionturistica.com\/es\/wp-json\/wp\/v2\/tags?post=1132050"}],"curies":[{"name":"wp","href":"https:\/\/api.w.org\/{rel}","templated":true}]}}