{"id":1132006,"date":"2026-03-29T14:50:46","date_gmt":"2026-03-29T14:50:46","guid":{"rendered":"https:\/\/dimensionturistica.com\/es\/?p=1132006"},"modified":"2026-03-29T14:50:46","modified_gmt":"2026-03-29T14:50:46","slug":"la-situacion-belica-en-iran-interrumpe-los-planes-de-viaje-de-los-vizcainos-durante-la-semana-santa","status":"publish","type":"post","link":"https:\/\/dimensionturistica.com\/es\/la-situacion-belica-en-iran-interrumpe-los-planes-de-viaje-de-los-vizcainos-durante-la-semana-santa\/","title":{"rendered":"La situaci\u00f3n b\u00e9lica en Ir\u00e1n interrumpe los planes de viaje de los vizcainos durante la Semana Santa."},"content":{"rendered":"<h3>Un Viaje de Tradiciones en Semana Santa: Bizkaia<\/h3>\n<p>La Semana Santa se acerca, y con ella, la oportunidad de sumergirse en las tradiciones m\u00e1s arraigadas de Bizkaia. Este a\u00f1o, la comarca presenta un atractivo especial, no solo por la belleza de sus paisajes y la riqueza cultural de sus pueblos, sino tambi\u00e9n por la perseverancia de sus habitantes ante circunstancias adversas.<\/p>\n<h4>La Resiliencia de una Tierra<\/h4>\n<p>A pesar de los desaf\u00edos econ\u00f3micos que ha enfrentado, Bizkaia se manifiesta en esta celebraci\u00f3n con un fervor emocionante. Las procesiones, que recorren calles empedradas y plazas hist\u00f3ricas, son el reflejo de una comunidad viva y resiliente. Visitar este destino durante la Semana Santa promete no solo una experiencia espiritual profunda, sino tambi\u00e9n un encuentro con el alma misma de sus gentes.<\/p>\n<h4>Un Itinerario Cultural<\/h4>\n<p>Los itinerarios que se pueden disfrutar son diversos. Desde la emblem\u00e1tica Bilbao, donde la Semana Santa se vive con especial intensidad, hasta los encantadores pueblos costeros como Getxo y Bakio. Las procesiones, en su mayor\u00eda, combinan devoci\u00f3n y arte, con pasos que son aut\u00e9nticas obras de la imaginer\u00eda religiosa. Es imposible no dejarse llevar por la emoci\u00f3n que emana de estas festividades, que atraen a locales y visitantes por igual.<\/p>\n<h4>Gastronom\u00eda: Un Placer para los Sentidos<\/h4>\n<p>Adem\u00e1s de las tradiciones religiosas, esta \u00e9poca tambi\u00e9n es un momento ideal para disfrutar de la rica gastronom\u00eda vizca\u00edna. Los deliciosos platos de pescado, los bacalaos al pil-pil y los famosos pintxos son un fest\u00edn que acompa\u00f1ar\u00e1 a los viajeros durante su estancia. Las tabernas y restaurantes locales se llenan de aromas y sabores que narran la historia de una tierra que vive y respira pasi\u00f3n culinaria.<\/p>\n<h4>Un Destino para Todos<\/h4>\n<p>La Semana Santa en Bizkaia no solo se centra en la religiosidad, sino tambi\u00e9n en la inclusi\u00f3n de personas de todo el mundo. Las festividades son un llamado a todos aquellos que buscan una conexi\u00f3n aut\u00e9ntica con la cultura vasca. Las actividades, que van desde exposiciones culturales hasta conciertos, garantizan que haya algo para todos.<\/p>\n<h4>Conclusi\u00f3n<\/h4>\n<p>Vivir la Semana Santa en Bizkaia es m\u00e1s que presenciar un evento; es sumergirse en una cultura rica y vibrante, unirse a la celebraci\u00f3n de una comunidad y dejarse llevar por la belleza de paisajes que han inspirado a generaciones. Este a\u00f1o, m\u00e1s que nunca, la cita es con la historia, la tradici\u00f3n y el calor de un pueblo que sabe hacer frente a los desaf\u00edos con una sonrisa y un esp\u00edritu indomable. \u00a1No te pierdas esta oportunidad de vivir una experiencia inolvidable!<\/p>\n<p><em> &#8221; Sources www.deia.eus &#8221; <\/em><\/p>\n","protected":false},"excerpt":{"rendered":"<p>Un Viaje de Tradiciones en Semana Santa: Bizkaia La Semana Santa se acerca, y con ella, la oportunidad de sumergirse en las tradiciones m\u00e1s arraigadas de Bizkaia. Este a\u00f1o, la comarca presenta un atractivo especial, no solo por la belleza de sus paisajes y la riqueza cultural de sus pueblos, sino tambi\u00e9n por la perseverancia [&hellip;]<\/p>\n","protected":false},"author":4,"featured_media":1132007,"comment_status":"open","ping_status":"closed","sticky":false,"template":"","format":"standard","meta":{"om_disable_all_campaigns":false,"jnews-multi-image_gallery":[],"jnews_single_post":[],"jnews_primary_category":[],"jnews_social_meta":[],"footnotes":""},"categories":[40],"tags":[51130,2156,270022,188563,2171,2855,3813,2849,2946,544,545,52305,24302],"class_list":["post-1132006","post","type-post","status-publish","format-standard","has-post-thumbnail","hentry","category-industria","tag-conflictos","tag-guerra","tag-guerra-en-iran","tag-impacto-en-viajes","tag-iran","tag-restricciones","tag-santa","tag-semana","tag-semana-santa","tag-turismo","tag-viajes","tag-viajes-2023","tag-vizcainos"],"_links":{"self":[{"href":"https:\/\/dimensionturistica.com\/es\/wp-json\/wp\/v2\/posts\/1132006","targetHints":{"allow":["GET"]}}],"collection":[{"href":"https:\/\/dimensionturistica.com\/es\/wp-json\/wp\/v2\/posts"}],"about":[{"href":"https:\/\/dimensionturistica.com\/es\/wp-json\/wp\/v2\/types\/post"}],"author":[{"embeddable":true,"href":"https:\/\/dimensionturistica.com\/es\/wp-json\/wp\/v2\/users\/4"}],"replies":[{"embeddable":true,"href":"https:\/\/dimensionturistica.com\/es\/wp-json\/wp\/v2\/comments?post=1132006"}],"version-history":[{"count":1,"href":"https:\/\/dimensionturistica.com\/es\/wp-json\/wp\/v2\/posts\/1132006\/revisions"}],"predecessor-version":[{"id":1132008,"href":"https:\/\/dimensionturistica.com\/es\/wp-json\/wp\/v2\/posts\/1132006\/revisions\/1132008"}],"wp:featuredmedia":[{"embeddable":true,"href":"https:\/\/dimensionturistica.com\/es\/wp-json\/wp\/v2\/media\/1132007"}],"wp:attachment":[{"href":"https:\/\/dimensionturistica.com\/es\/wp-json\/wp\/v2\/media?parent=1132006"}],"wp:term":[{"taxonomy":"category","embeddable":true,"href":"https:\/\/dimensionturistica.com\/es\/wp-json\/wp\/v2\/categories?post=1132006"},{"taxonomy":"post_tag","embeddable":true,"href":"https:\/\/dimensionturistica.com\/es\/wp-json\/wp\/v2\/tags?post=1132006"}],"curies":[{"name":"wp","href":"https:\/\/api.w.org\/{rel}","templated":true}]}}