{"id":1131978,"date":"2026-03-29T12:48:55","date_gmt":"2026-03-29T12:48:55","guid":{"rendered":"https:\/\/dimensionturistica.com\/es\/?p=1131978"},"modified":"2026-03-29T12:48:55","modified_gmt":"2026-03-29T12:48:55","slug":"opciones-ante-la-demora-o-cancelacion-de-tu-vuelo-y-tus-derechos-como-pasajero","status":"publish","type":"post","link":"https:\/\/dimensionturistica.com\/es\/opciones-ante-la-demora-o-cancelacion-de-tu-vuelo-y-tus-derechos-como-pasajero\/","title":{"rendered":"Opciones ante la demora o cancelaci\u00f3n de tu vuelo y tus derechos como pasajero"},"content":{"rendered":"<h3>Todo lo que necesitas saber sobre tus derechos en vuelos durante la Semana Santa<\/h3>\n<p>La Semana Santa es una de las temporadas m\u00e1s esperadas del a\u00f1o para los viajeros. Con la llegada de las vacaciones, millones de personas se lanzan a la aventura, explorando destinos nacionales e internacionales. Sin embargo, a veces, el camino hacia esos lugares so\u00f1ados puede verse interrumpido por inconvenientes como retrasos o cancelaciones de vuelos. \u00bfSabes cu\u00e1les son tus derechos en estas situaciones? Aqu\u00ed te lo contamos.<\/p>\n<h4>Entendiendo tus derechos<\/h4>\n<p>Es com\u00fan que los planes se vean alterados por circunstancias que escapan a nuestro control, como condiciones clim\u00e1ticas adversas o problemas t\u00e9cnicos con la aeronave. En estos casos, es vital estar informado sobre tus derechos como pasajero. Las aerol\u00edneas tienen la obligaci\u00f3n de brindarte asistencia en caso de que tu vuelo se retrase o se cancele, y es fundamental que conozcas c\u00f3mo actuar.<\/p>\n<h4>\u00bfQu\u00e9 hacer en caso de un retraso?<\/h4>\n<p>Si te enfrentas a un retraso de vuelo, las aerol\u00edneas deben proporcionarte informaci\u00f3n clara sobre la duraci\u00f3n estimada del mismo. Dependiendo de la duraci\u00f3n del retraso, podr\u00edas tener derecho a recibir alimentaci\u00f3n, alojamiento y transporte. No dudes en preguntar y exigir lo que te corresponde, ya que es tu derecho.<\/p>\n<h4>En caso de cancelaci\u00f3n<\/h4>\n<p>Si tu vuelo es cancelado, generalmente tienes dos opciones: aceptar el reembolso total de tu pasaje o ser reubicado en otro vuelo. Es importante que tomes una decisi\u00f3n informada, considerando los tiempos y las posibles compensaciones que podr\u00edas recibir. Recuerda que muchas veces las aerol\u00edneas tambi\u00e9n est\u00e1n obligadas a ofrecerte servicios adicionales, como hotel y transporte, si el nuevo vuelo te obliga a esperar.<\/p>\n<h4>Reclamaciones y compensaciones<\/h4>\n<p>En ocasiones, la experiencia de viajar puede verse perjudicada por el mal manejo de situaciones inesperadas. Si consideras que tus derechos no han sido respetados, tienes la opci\u00f3n de presentar una queja ante la aerol\u00ednea o ante las autoridades pertinentes. Conocer la normativa del pa\u00eds en el que viajas puede ser clave para reclamar tus derechos de manera efectiva.<\/p>\n<h4>Prepar\u00e1ndote para viajar<\/h4>\n<p>Para evitar contratiempos durante la Semana Santa, es recomendable que planifiques tu viaje con anticipaci\u00f3n y consultes el estado de tu vuelo constantemente. La tecnolog\u00eda puede ser tu mejor aliada: utiliza aplicaciones que te mantengan informado sobre cualquier cambio en tiempo real.<\/p>\n<h4>Conclusiones<\/h4>\n<p>Viajar es una experiencia enriquecedora y memorable, pero tambi\u00e9n puede estar llena de sorpresas. Estar informado sobre tus derechos te permitir\u00e1 disfrutar de tus vacaciones con la tranquilidad que mereces. No dejes que un contratiempo logre empa\u00f1ar la alegr\u00eda de tu viaje. Planifica, inf\u00f3rmate y exige lo que te corresponde; \u00a1cada viaje es una aventura que merece ser vivida al m\u00e1ximo!<\/p>\n<p><em> &#8221; Fuentes www.eleconomista.com.mx &#8221; <\/em><\/p>\n","protected":false},"excerpt":{"rendered":"<p>Todo lo que necesitas saber sobre tus derechos en vuelos durante la Semana Santa La Semana Santa es una de las temporadas m\u00e1s esperadas del a\u00f1o para los viajeros. Con la llegada de las vacaciones, millones de personas se lanzan a la aventura, explorando destinos nacionales e internacionales. Sin embargo, a veces, el camino hacia [&hellip;]<\/p>\n","protected":false},"author":4,"featured_media":1131979,"comment_status":"open","ping_status":"closed","sticky":false,"template":"","format":"standard","meta":{"om_disable_all_campaigns":false,"jnews-multi-image_gallery":[],"jnews_single_post":[],"jnews_primary_category":[],"jnews_social_meta":[],"footnotes":""},"categories":[39],"tags":[803,14555,1119,27496,173225,61980,17804,2470,16181,2946,18563,681,1166],"class_list":["post-1131978","post","type-post","status-publish","format-standard","has-post-thumbnail","hentry","category-viajes","tag-aerolineas","tag-atencion-al-cliente","tag-cancelacion","tag-compensacion","tag-derechos-del-pasajero","tag-informacion-de-vuelos","tag-normativa","tag-profeco","tag-retraso","tag-semana-santa","tag-vacaciones-de-semana-santa","tag-viaje","tag-vuelo"],"_links":{"self":[{"href":"https:\/\/dimensionturistica.com\/es\/wp-json\/wp\/v2\/posts\/1131978","targetHints":{"allow":["GET"]}}],"collection":[{"href":"https:\/\/dimensionturistica.com\/es\/wp-json\/wp\/v2\/posts"}],"about":[{"href":"https:\/\/dimensionturistica.com\/es\/wp-json\/wp\/v2\/types\/post"}],"author":[{"embeddable":true,"href":"https:\/\/dimensionturistica.com\/es\/wp-json\/wp\/v2\/users\/4"}],"replies":[{"embeddable":true,"href":"https:\/\/dimensionturistica.com\/es\/wp-json\/wp\/v2\/comments?post=1131978"}],"version-history":[{"count":1,"href":"https:\/\/dimensionturistica.com\/es\/wp-json\/wp\/v2\/posts\/1131978\/revisions"}],"predecessor-version":[{"id":1131980,"href":"https:\/\/dimensionturistica.com\/es\/wp-json\/wp\/v2\/posts\/1131978\/revisions\/1131980"}],"wp:featuredmedia":[{"embeddable":true,"href":"https:\/\/dimensionturistica.com\/es\/wp-json\/wp\/v2\/media\/1131979"}],"wp:attachment":[{"href":"https:\/\/dimensionturistica.com\/es\/wp-json\/wp\/v2\/media?parent=1131978"}],"wp:term":[{"taxonomy":"category","embeddable":true,"href":"https:\/\/dimensionturistica.com\/es\/wp-json\/wp\/v2\/categories?post=1131978"},{"taxonomy":"post_tag","embeddable":true,"href":"https:\/\/dimensionturistica.com\/es\/wp-json\/wp\/v2\/tags?post=1131978"}],"curies":[{"name":"wp","href":"https:\/\/api.w.org\/{rel}","templated":true}]}}