{"id":1131913,"date":"2026-03-29T07:20:35","date_gmt":"2026-03-29T07:20:35","guid":{"rendered":"https:\/\/dimensionturistica.com\/es\/?p=1131913"},"modified":"2026-03-29T07:20:35","modified_gmt":"2026-03-29T07:20:35","slug":"estilo-bohemio-la-coleccion-primavera-verano-2026-ideal-para-lucirlo","status":"publish","type":"post","link":"https:\/\/dimensionturistica.com\/es\/estilo-bohemio-la-coleccion-primavera-verano-2026-ideal-para-lucirlo\/","title":{"rendered":"Estilo bohemio: la colecci\u00f3n primavera-verano 2026 ideal para lucirlo."},"content":{"rendered":"<h2>El Encanto del Estilo Boho: Lo \u00daltimo en la Moda Primavera-Verano 2026<\/h2>\n<p>La temporada de primavera-verano 2026 se presenta como un emocionante viaje por el vibrante mundo del estilo Boho, una est\u00e9tica que combina lo et\u00e9reo y lo org\u00e1nico. Esta tendencia, que ha dejado una huella indeleble en la moda contempor\u00e1nea, se caracteriza por su enfoque relajado y su capacidad de celebrar la individualidad a trav\u00e9s de piezas \u00fanicas.<\/p>\n<h3>Piezas Clave del Estilo Boho<\/h3>\n<ol>\n<li>\n<p><strong>Vestidos Fluidos<\/strong>: En esta temporada, los vestidos largos y fluidos son imperativos. Con estampados florales y colores pastel, son perfectos para cualquier ocasi\u00f3n, desde un picnic en el parque hasta un evento m\u00e1s formal. La mezcla de texturas y la libertad de movimiento que ofrecen hacen que sean ideales para las calurosas jornadas de verano.<\/p>\n<\/li>\n<li>\n<p><strong>Tops \u00c9tnicos<\/strong>: La blusa Boho es un cl\u00e1sico que suma autenticidad y creatividad a cualquier guardarropa. Los detalles bordados y los cortes sueltos reflejan una est\u00e9tica n\u00f3mada, mientras que los tonos terrosos aportan un aire bohemio que se mezcla perfectamente con la naturaleza.<\/p>\n<\/li>\n<li>\n<p><strong>Accesorios Naturales<\/strong>: La joyer\u00eda hecha de materiales reciclados y fibras naturales se convierte en un must. Collares y pulseras que incorporan elementos como conchas y piedras traen consigo una historia de viaje y conexi\u00f3n con la tierra, ideales para completar un look veraniego.<\/p>\n<\/li>\n<li>\n<p><strong>Sandalias Artesanales<\/strong>: Las sandalias c\u00f3modas y artesanales permiten que los pies respiren mientras se pasea por la ciudad o se disfruta de un festival al aire libre. Los dise\u00f1os en cuero entrelazado se utilizan para dar un toque sofisticado y a la vez relajado.<\/p>\n<\/li>\n<\/ol>\n<h3>Combinando Estilo y Comfort<\/h3>\n<p>La clave del estilo Boho radica en la combinaci\u00f3n de elementos llamativos con una est\u00e9tica c\u00f3moda. Colores suaves y patrones florales se pueden combinar sin esfuerzo. Esto no solo resalta la creatividad, sino que tambi\u00e9n promueve un estilo de vida libre y despreocupado. La moda se convierte en una forma de autoexpresi\u00f3n, en la que cada uno puede fusionar su personalidad con las tendencias.<\/p>\n<h3>Inspiraciones Naturales<\/h3>\n<p>La naturaleza es una constante fuente de inspiraci\u00f3n para el estilo Boho. Las paletas de colores, desde los verdes de los bosques hasta los tonos c\u00e1lidos de los atardeceres, se reflejan en las nuevas colecciones. Las texturas suaves y los acabados mate generan una sensaci\u00f3n de conexi\u00f3n con el entorno, elevando cualquier look a un nuevo nivel.<\/p>\n<h3>Compromiso con la Sostenibilidad<\/h3>\n<p>Este movimiento no solo se enfoca en la est\u00e9tica, sino que tambi\u00e9n busca un impacto positivo en el mundo. La elecci\u00f3n de materiales sustentables y t\u00e9cnicas de producci\u00f3n responsables se alinean con la filosof\u00eda Boho, creando piezas que no solo son hermosas, sino que tambi\u00e9n cuentan con una historia detr\u00e1s.<\/p>\n<h2>Conclusi\u00f3n<\/h2>\n<p>La primavera-verano 2026 trae consigo una revitalizaci\u00f3n del estilo Boho que invita a todos a explorar y expresarse a trav\u00e9s de la moda. Estas piezas clave, infundidas con color, textura y alma, desaf\u00edan los l\u00edmites de la creatividad y promueven un futuro sostenible. Este es el momento perfecto para dejarse llevar por el estilo desenfadado y apasionante del Boho, creando looks que resalten la esencia \u00fanica de cada uno. \u00a1Atr\u00e9vete a vivir la primavera-verano con todo el esplendor del Boho!<\/p>\n<p><em> &#8221; Fuentes www.vogue.mx &#8221; <\/em><\/p>\n","protected":false},"excerpt":{"rendered":"<p>El Encanto del Estilo Boho: Lo \u00daltimo en la Moda Primavera-Verano 2026 La temporada de primavera-verano 2026 se presenta como un emocionante viaje por el vibrante mundo del estilo Boho, una est\u00e9tica que combina lo et\u00e9reo y lo org\u00e1nico. Esta tendencia, que ha dejado una huella indeleble en la moda contempor\u00e1nea, se caracteriza por su [&hellip;]<\/p>\n","protected":false},"author":14,"featured_media":1131914,"comment_status":"open","ping_status":"closed","sticky":false,"template":"","format":"standard","meta":{"om_disable_all_campaigns":false,"jnews-multi-image_gallery":[],"jnews_single_post":[],"jnews_primary_category":[],"jnews_social_meta":[],"footnotes":""},"categories":[144872],"tags":[47742,7758,166,50846,202715,659,230504,202701,2182],"class_list":["post-1131913","post","type-post","status-publish","format-standard","has-post-thumbnail","hentry","category-fashion","tag-boho","tag-estilo","tag-fashion","tag-hm","tag-look-bohemio","tag-moda","tag-primavera-verano-2026","tag-ropa-de-temporada","tag-tendencias"],"_links":{"self":[{"href":"https:\/\/dimensionturistica.com\/es\/wp-json\/wp\/v2\/posts\/1131913","targetHints":{"allow":["GET"]}}],"collection":[{"href":"https:\/\/dimensionturistica.com\/es\/wp-json\/wp\/v2\/posts"}],"about":[{"href":"https:\/\/dimensionturistica.com\/es\/wp-json\/wp\/v2\/types\/post"}],"author":[{"embeddable":true,"href":"https:\/\/dimensionturistica.com\/es\/wp-json\/wp\/v2\/users\/14"}],"replies":[{"embeddable":true,"href":"https:\/\/dimensionturistica.com\/es\/wp-json\/wp\/v2\/comments?post=1131913"}],"version-history":[{"count":1,"href":"https:\/\/dimensionturistica.com\/es\/wp-json\/wp\/v2\/posts\/1131913\/revisions"}],"predecessor-version":[{"id":1131915,"href":"https:\/\/dimensionturistica.com\/es\/wp-json\/wp\/v2\/posts\/1131913\/revisions\/1131915"}],"wp:featuredmedia":[{"embeddable":true,"href":"https:\/\/dimensionturistica.com\/es\/wp-json\/wp\/v2\/media\/1131914"}],"wp:attachment":[{"href":"https:\/\/dimensionturistica.com\/es\/wp-json\/wp\/v2\/media?parent=1131913"}],"wp:term":[{"taxonomy":"category","embeddable":true,"href":"https:\/\/dimensionturistica.com\/es\/wp-json\/wp\/v2\/categories?post=1131913"},{"taxonomy":"post_tag","embeddable":true,"href":"https:\/\/dimensionturistica.com\/es\/wp-json\/wp\/v2\/tags?post=1131913"}],"curies":[{"name":"wp","href":"https:\/\/api.w.org\/{rel}","templated":true}]}}