{"id":1131893,"date":"2026-03-29T05:56:01","date_gmt":"2026-03-29T05:56:01","guid":{"rendered":"https:\/\/dimensionturistica.com\/es\/?p=1131893"},"modified":"2026-03-29T05:56:01","modified_gmt":"2026-03-29T05:56:01","slug":"el-gobierno-clasificara-el-monumento-a-las-victimas-del-crucero-baleares-como-simbolo-opuesto-a-la-memoria-historica","status":"publish","type":"post","link":"https:\/\/dimensionturistica.com\/es\/el-gobierno-clasificara-el-monumento-a-las-victimas-del-crucero-baleares-como-simbolo-opuesto-a-la-memoria-historica\/","title":{"rendered":"El Gobierno clasificar\u00e1 el monumento a las v\u00edctimas del crucero Baleares como s\u00edmbolo opuesto a la memoria hist\u00f3rica."},"content":{"rendered":"<h3>Un Hito de Memoria Hist\u00f3rica en las Baleares<\/h3>\n<p>Las Islas Baleares, conocidas por sus impresionantes paisajes y su vibrante cultura, han sido escenario de eventos que han dejado huella en la historia de Espa\u00f1a. En un esfuerzo por honrar la memoria de las v\u00edctimas de la Guerra Civil, el gobierno ha decidido catalogar un monumento emblem\u00e1tico en esta regi\u00f3n. Este acto no solo busca reconocer el sufrimiento de aquellos que perdieron la vida, sino tambi\u00e9n ofrecer un espacio de reflexi\u00f3n para las generaciones actuales y futuras.<\/p>\n<p>El monumento en cuesti\u00f3n es un s\u00edmbolo que representa el dolor y la resistencia de las personas afectadas por el conflicto. Su ubicaci\u00f3n estrat\u00e9gica en un lugar de f\u00e1cil acceso invita a los visitantes a contemplar y considerar la historia que envuelve a las Baleares. Al ser declarado un elemento de memoria hist\u00f3rica, se subraya la importancia de recordar y aprender de los errores del pasado, algo crucial para la construcci\u00f3n de un futuro m\u00e1s justo y solidario.<\/p>\n<p>El inter\u00e9s tur\u00edstico por este tipo de monumentos ha crecido en los \u00faltimos a\u00f1os. Muchos viajeros buscan experiencias que no solo los entretengan, sino que tambi\u00e9n les proporcionen un entendimiento m\u00e1s profundo de la historia y la cultura local. La inclusi\u00f3n de esta pieza en el cat\u00e1logo del patrimonio hist\u00f3rico ofrece una oportunidad \u00fanica para que los visitantes conecten con la historia rica y, a menudo, tr\u00e1gica de la regi\u00f3n.<\/p>\n<p>El monumento tambi\u00e9n plantea un di\u00e1logo sobre la memoria colectiva y c\u00f3mo esta cultura de la memoria es vital para una sociedad que busca avanzar. Las visitas guiadas, charlas informativas y exposiciones temporales en el sitio pueden enriquecer la experiencia del visitante, convirtiendo una simple visita en un viaje educativo que fomenta la empat\u00eda y la reflexi\u00f3n.<\/p>\n<p>En conclusi\u00f3n, la reciente decisi\u00f3n de catalogar este monumento no solo es un reconocimiento a las v\u00edctimas de la historia, sino tambi\u00e9n un nuevo atractivo en el amplio abanico tur\u00edstico de las Baleares. Invita a todos, tanto locales como visitantes, a explorar y comprender la historia que ha forjado la identidad de esta hermosa regi\u00f3n. Al hacerlo, cada paso se convierte en un acto de memoria y una celebraci\u00f3n de la resistencia y la esperanza. As\u00ed, las Islas Baleares se consolidan no solo como un destino tur\u00edstico, sino como un lugar de aprendizaje y reflexi\u00f3n sobre la historia de Espa\u00f1a.<\/p>\n<p><em> &#8221; Fuentes www.diariosigloxxi.com &#8221; <\/em><\/p>\n","protected":false},"excerpt":{"rendered":"<p>Un Hito de Memoria Hist\u00f3rica en las Baleares Las Islas Baleares, conocidas por sus impresionantes paisajes y su vibrante cultura, han sido escenario de eventos que han dejado huella en la historia de Espa\u00f1a. En un esfuerzo por honrar la memoria de las v\u00edctimas de la Guerra Civil, el gobierno ha decidido catalogar un monumento [&hellip;]<\/p>\n","protected":false},"author":4,"featured_media":1131894,"comment_status":"open","ping_status":"closed","sticky":false,"template":"","format":"standard","meta":{"om_disable_all_campaigns":false,"jnews-multi-image_gallery":[],"jnews_single_post":[],"jnews_primary_category":[],"jnews_social_meta":[],"footnotes":""},"categories":[41],"tags":[273313,63059,698,6643,6174,47436,1322,4872,7424],"class_list":["post-1131893","post","type-post","status-publish","format-standard","has-post-thumbnail","hentry","category-cruceros","tag-catalogacion","tag-crucero-baleares","tag-gobierno","tag-historia","tag-memoria","tag-monumento","tag-patrimonio","tag-polemica","tag-victimas"],"_links":{"self":[{"href":"https:\/\/dimensionturistica.com\/es\/wp-json\/wp\/v2\/posts\/1131893","targetHints":{"allow":["GET"]}}],"collection":[{"href":"https:\/\/dimensionturistica.com\/es\/wp-json\/wp\/v2\/posts"}],"about":[{"href":"https:\/\/dimensionturistica.com\/es\/wp-json\/wp\/v2\/types\/post"}],"author":[{"embeddable":true,"href":"https:\/\/dimensionturistica.com\/es\/wp-json\/wp\/v2\/users\/4"}],"replies":[{"embeddable":true,"href":"https:\/\/dimensionturistica.com\/es\/wp-json\/wp\/v2\/comments?post=1131893"}],"version-history":[{"count":1,"href":"https:\/\/dimensionturistica.com\/es\/wp-json\/wp\/v2\/posts\/1131893\/revisions"}],"predecessor-version":[{"id":1131895,"href":"https:\/\/dimensionturistica.com\/es\/wp-json\/wp\/v2\/posts\/1131893\/revisions\/1131895"}],"wp:featuredmedia":[{"embeddable":true,"href":"https:\/\/dimensionturistica.com\/es\/wp-json\/wp\/v2\/media\/1131894"}],"wp:attachment":[{"href":"https:\/\/dimensionturistica.com\/es\/wp-json\/wp\/v2\/media?parent=1131893"}],"wp:term":[{"taxonomy":"category","embeddable":true,"href":"https:\/\/dimensionturistica.com\/es\/wp-json\/wp\/v2\/categories?post=1131893"},{"taxonomy":"post_tag","embeddable":true,"href":"https:\/\/dimensionturistica.com\/es\/wp-json\/wp\/v2\/tags?post=1131893"}],"curies":[{"name":"wp","href":"https:\/\/api.w.org\/{rel}","templated":true}]}}